{"id":6302,"date":"2020-08-12T17:07:07","date_gmt":"2020-08-12T21:07:07","guid":{"rendered":"https:\/\/www.motionlaw.com\/?p=6302"},"modified":"2020-08-12T17:07:07","modified_gmt":"2020-08-12T21:07:07","slug":"fiscal-general-de-virginia-en-desacuerdo-con-restriccion-en-visas-de-trabajo","status":"publish","type":"post","link":"https:\/\/www.motionlaw.com\/es\/fiscal-general-de-virginia-en-desacuerdo-con-restriccion-en-visas-de-trabajo\/","title":{"rendered":"Fiscal General de Virginia en Desacuerdo con Restricci\u00f3n en Visas de Trabajo"},"content":{"rendered":"<h1><span style=\"color: #161b33;\">Las restricciones del gobierno de Trump<\/span><\/h1>\n<p>Es evidente que la administraci\u00f3n actual de los Estados Unidos, encabezada por el presidente Donald Trump, siempre ha tenido la intenci\u00f3n de reducir la inmigraci\u00f3n y su perspectiva con respecto a los extranjeros que cruzan las fronteras sin documentaci\u00f3n legal es estricta comparado con gobiernos antecesores y ha sido catalogada como <em>\u201carbitraria\u201d<\/em> en varias ocasiones.<\/p>\n<p>Hoy en d\u00eda, el brote masivo de Coronavirus en el territorio norteamericano oblig\u00f3 a la administraci\u00f3n de Trump a implementar medidas de emergencias que claramente afectan los procesos de inmigraci\u00f3n.<\/p>\n<p>Por ejemplo, espec\u00edficamente hablando de los trabajadores extranjeros cualificados, el gobierno <span style=\"color: #003366;\"><a style=\"color: #003366;\" href=\"https:\/\/www.motionlaw.com\/es\/trump-anuncio-nuevas-restricciones-para-visas-de-trabajo\/\" target=\"_blank\" rel=\"noopener noreferrer\">suspendi\u00f3 la emisi\u00f3n de visas de trabajo hasta el 2021<\/a><\/span>. Esta decisi\u00f3n gubernamental tiene varios prop\u00f3sitos:<\/p>\n<ol>\n<li>Proteger el empleo de trabajadores estadounidenses.<\/li>\n<li>Reducir la tasa de desempleo.<\/li>\n<li>Evitar una posible saturaci\u00f3n del sistema econ\u00f3mico del pa\u00eds.<\/li>\n<\/ol>\n<p>Por ende, las empresas locales deben intentar contratar solamente personal estadounidense durante la crisis sanitaria.<\/p>\n<p>Esta medida de emergencia desat\u00f3 una controversia gigantesca entre defensores de los derechos de los inmigrantes, cr\u00edticos, activistas, empresas reconocidas mundialmente y varios sectores del mercado local.<\/p>\n<p>Aparte de eso, m\u00faltiples fiscales generales de diferentes estados han expresado su desacuerdo con este cambio repentino en las pol\u00edticas de inmigraci\u00f3n. Entre esos estados se encuentra Virginia.<\/p>\n<p>Motion Law lo puede ayudar a tener \u00e9xito en su <span style=\"color: #003366;\"><a style=\"color: #003366;\" href=\"https:\/\/www.motionlaw.com\/es\/areas-de-practica\/inmigracion-comercial\/\" target=\"_blank\" rel=\"noopener noreferrer\"><strong>caso de Inmigraci\u00f3n Empresarial<\/strong><\/a><\/span>.<\/p>\n<h2>Fiscal general de Virginia alza su voz<\/h2>\n<p>El fiscal general de Virginia, Mark Herring, anunci\u00f3 el lunes 10 de agosto del 2020 su intenci\u00f3n de <span style=\"color: #003366;\"><a style=\"color: #003366;\" href=\"https:\/\/www.oag.state.va.us\/media-center\/news-releases\/1789-august-10-2020-attorney-general-herring-challenges-trump-administration-s-unlawful-effort-to-bar-immigrants-and-foreign-workers\" target=\"_blank\" rel=\"noopener noreferrer\">unirse a otros 23 fiscales generales<\/a><\/span> del pa\u00eds para presentar una declaraci\u00f3n oficial (<span style=\"color: #003366;\"><a style=\"color: #003366;\" href=\"https:\/\/www.oag.state.va.us\/files\/2020\/Gomez-States-Amicus-Br-FINAL.pdf\" target=\"_blank\" rel=\"noopener noreferrer\">Amicus Curiae<\/a><\/span>) expresando su insatisfacci\u00f3n, desacuerdo y preocupaci\u00f3n con respecto a las restricciones implementadas en las visas de trabajo por el presidente Trump.<\/p>\n<p>En la declaraci\u00f3n oficial, el fiscal general asegura que <em>\u201cLos inmigrantes y los empleados nacidos en el extranjero juegan un papel integral en las comunidades de Virginia y agregan miles de millones a nuestra econom\u00eda cada a\u00f1o (&#8230;) Me enorgullece unirme a mis colegas para defender a los inmigrantes legales y los programas de visas de trabajo incre\u00edblemente importantes de este pa\u00eds.\u201d<\/em><\/p>\n<p>Los participantes argumentan que prohibir el ingreso de trabajadores extranjeros altamente cualificados afecta profundamente sectores como la econom\u00eda, el desarrollo, la investigaci\u00f3n, la tecnolog\u00eda, la innovaci\u00f3n, entre otros.<\/p>\n<p>Aparte de eso, los fiscales generales involucrados en la denuncia est\u00e1n de acuerdo en que esta decisi\u00f3n gubernamental solo muestra la intenci\u00f3n \u201ccaprichosa\u201d del gobierno de Trump por reducir la inmigraci\u00f3n legal y que las repercusiones podr\u00edan empeorar la crisis econ\u00f3mica y social provocada por la llegada de la pandemia global.<\/p>\n<p>Por ende, los fiscales generales esperan poder intervenir y ayudar a revocar las restricciones actuales en las visas de trabajo, que son grandemente beneficiosas para la competitividad empresarial de los Estados Unidos.<\/p>\n<p>Si necesita mantenerse al d\u00eda con las noticias de inmigraci\u00f3n, <span style=\"color: #003366;\"><a style=\"color: #003366;\" href=\"https:\/\/www.motionlaw.com\/es\/blog\/\" target=\"_blank\" rel=\"noopener noreferrer\"><strong>no dude en visitar nuestra secci\u00f3n de Blog<\/strong><\/a><\/span>.<\/p>\n<h2>Ayuda fidedigna para su proceso de inmigraci\u00f3n<\/h2>\n<p>Ya sea que usted tenga un caso de inmigraci\u00f3n familiar, empresarial, deportaci\u00f3n, apelaci\u00f3n, extensi\u00f3n de visa, asilo pol\u00edtico o cualquier otro, es imperativo que siga el consejo de abogados experimentados que lo ayuden a escoger el proceso adecuado.<\/p>\n<p>Las solicitudes de inmigraci\u00f3n deben ser realizadas con cautela y dedicaci\u00f3n. De otra manera, podr\u00edan ser rechazados y el tiempo de espera se alargar\u00eda para usted y su familia.<\/p>\n<p>Por lo tanto, si tiene alguna pregunta sobre un problema de inmigraci\u00f3n o sobre un caso que pueda tener actualmente en progreso, no dude en comunicarse con nosotros para una <span style=\"color: #003366;\"><a style=\"color: #003366;\" href=\"https:\/\/www.motionlaw.com\/es\/\"><strong>Consulta Telef\u00f3nica GRATUITA<\/strong><\/a><\/span> con uno de nuestros <span style=\"color: #003366;\"><a style=\"color: #003366;\" href=\"https:\/\/www.motionlaw.com\/es\/contactenos\/\">abogados expertos en inmigraci\u00f3n.<\/a><\/span><\/p>\n<p>Simplemente llame a Motion Law hoy al: <strong>(202) 918-1799.<\/strong><\/p>\n","protected":false},"excerpt":{"rendered":"<p>Las restricciones del gobierno de Trump Es evidente que la administraci\u00f3n actual de los Estados Unidos, encabezada por el presidente Donald Trump, siempre ha tenido la intenci\u00f3n de reducir la inmigraci\u00f3n y su perspectiva con respecto a los extranjeros que cruzan las fronteras sin documentaci\u00f3n legal es estricta comparado con gobiernos antecesores y ha sido&hellip;<\/p>\n","protected":false},"author":16,"featured_media":6303,"comment_status":"closed","ping_status":"closed","sticky":false,"template":"","format":"standard","meta":{"_monsterinsights_skip_tracking":false,"_monsterinsights_sitenote_active":false,"_monsterinsights_sitenote_note":"","_monsterinsights_sitenote_category":0,"_jetpack_memberships_contains_paid_content":false,"footnotes":""},"categories":[83,89],"tags":[],"yst_prominent_words":[7619,4364,749,1588,1227,838,6000,5621,6847,5551,5847,5846,7618,7616,2456,5810,832,7617,4603,5809],"class_list":["post-6302","post","type-post","status-publish","format-standard","has-post-thumbnail","hentry","category-inmigracion-comercial","category-noticias-de-inmigracion"],"jetpack_featured_media_url":"https:\/\/www.motionlaw.com\/wp-content\/uploads\/SPA-3rd-12-aug.png","jetpack_shortlink":"https:\/\/wp.me\/p93TlB-1DE","jetpack_sharing_enabled":true,"_links":{"self":[{"href":"https:\/\/www.motionlaw.com\/es\/wp-json\/wp\/v2\/posts\/6302","targetHints":{"allow":["GET"]}}],"collection":[{"href":"https:\/\/www.motionlaw.com\/es\/wp-json\/wp\/v2\/posts"}],"about":[{"href":"https:\/\/www.motionlaw.com\/es\/wp-json\/wp\/v2\/types\/post"}],"author":[{"embeddable":true,"href":"https:\/\/www.motionlaw.com\/es\/wp-json\/wp\/v2\/users\/16"}],"replies":[{"embeddable":true,"href":"https:\/\/www.motionlaw.com\/es\/wp-json\/wp\/v2\/comments?post=6302"}],"version-history":[{"count":1,"href":"https:\/\/www.motionlaw.com\/es\/wp-json\/wp\/v2\/posts\/6302\/revisions"}],"predecessor-version":[{"id":6305,"href":"https:\/\/www.motionlaw.com\/es\/wp-json\/wp\/v2\/posts\/6302\/revisions\/6305"}],"wp:featuredmedia":[{"embeddable":true,"href":"https:\/\/www.motionlaw.com\/es\/wp-json\/wp\/v2\/media\/6303"}],"wp:attachment":[{"href":"https:\/\/www.motionlaw.com\/es\/wp-json\/wp\/v2\/media?parent=6302"}],"wp:term":[{"taxonomy":"category","embeddable":true,"href":"https:\/\/www.motionlaw.com\/es\/wp-json\/wp\/v2\/categories?post=6302"},{"taxonomy":"post_tag","embeddable":true,"href":"https:\/\/www.motionlaw.com\/es\/wp-json\/wp\/v2\/tags?post=6302"},{"taxonomy":"yst_prominent_words","embeddable":true,"href":"https:\/\/www.motionlaw.com\/es\/wp-json\/wp\/v2\/yst_prominent_words?post=6302"}],"curies":[{"name":"wp","href":"https:\/\/api.w.org\/{rel}","templated":true}]}}