{"id":5821,"date":"2020-07-30T19:16:58","date_gmt":"2020-07-30T23:16:58","guid":{"rendered":"https:\/\/www.motionlaw.com\/?p=5821"},"modified":"2020-07-30T19:16:58","modified_gmt":"2020-07-30T23:16:58","slug":"gobierno-asegura-que-los-cambios-de-daca-son-temporales","status":"publish","type":"post","link":"https:\/\/www.motionlaw.com\/es\/gobierno-asegura-que-los-cambios-de-daca-son-temporales\/","title":{"rendered":"Gobierno Asegura que los Cambios de DACA son Temporales"},"content":{"rendered":"<h1><span style=\"color: #161b33;\">El gobierno de Trump anuncia nuevas medidas para DACA<\/span><\/h1>\n<p>La administraci\u00f3n actual de los Estados Unidos est\u00e1 en desacuerdo con la idea de ofrecer oportunidades de residencia legal para los inmigrantes que cruzan las fronteras sin documentaci\u00f3n legal, incluyendo a los menores de edad.<\/p>\n<p>Esa es la raz\u00f3n por la que la Acci\u00f3n Diferida para los Llegados en la Infancia (DACA, por sus siglas en ingl\u00e9s) ha estado en riesgo desde que el presidente Trump asumi\u00f3 el cargo en el 2017.<\/p>\n<p>Este es un programa que ofrece una protecci\u00f3n frente a la deportaci\u00f3n por dos a\u00f1os para los inmigrantes que llegaron a los Estados Unidos cuando eran menores de edad. Ellos incluso tienen la posibilidad de extender este permiso y elegir un camino para obtener la residencia legal permanente.<\/p>\n<p>El gobierno de Trump intent\u00f3 erradicar este programa de los beneficios ofrecidos a los inmigrantes, pero la <span style=\"color: #003366;\"><a style=\"color: #003366;\" href=\"https:\/\/www.motionlaw.com\/es\/el-veredicto-final-de-la-corte-suprema-sobre-daca\/\" target=\"_blank\" rel=\"noopener noreferrer\">Corte Suprema de Justicia de los Estados Unidos neg\u00f3 su petici\u00f3n<\/a><\/span> y protegi\u00f3 a casi 700,000 j\u00f3venes amparados por DACA.<\/p>\n<p>Sin embargo, a pesar del veredicto de la Corte Suprema, la administraci\u00f3n de Trump decidi\u00f3 implementar nuevas restricciones para DACA.<\/p>\n<h2>Las nuevas restricciones de DACA<\/h2>\n<p>El 28 de julio del 2020, m\u00e1s de un mes despu\u00e9s de la orden de la Corte Suprema de Justicia, el gobierno de Trump <span style=\"color: #003366;\"><a style=\"color: #003366;\" href=\"https:\/\/www.motionlaw.com\/trump-implements-new-measures-for-the-daca-program\/\" target=\"_blank\" rel=\"noopener noreferrer\">anunci\u00f3 que no recibir\u00e1 nuevas aplicaciones<\/a><\/span> de DACA hasta nuevo aviso.<\/p>\n<p>Adem\u00e1s de eso, para las personas que deban renovar el permiso pronto, podr\u00e1n hacerlo, pero solo por un a\u00f1o en vez de dos.<\/p>\n<p>Es entendible que esta decisi\u00f3n desatara una controversia gigantesca en los Estados Unidos, principalmente porque el gobierno est\u00e1 desacatando la orden del tribunal supremo.<\/p>\n<p>Por ende, decenas de defensores de los derechos de los inmigrantes y activistas presentar\u00e1n demandas judiciales en contra del gobierno de Trump.<\/p>\n<h2>Los funcionarios del gobierno responden a las cr\u00edticas<\/h2>\n<p>El mi\u00e9rcoles 29 de julio del 2020, altos funcionarios del gabinete de Trump <span style=\"color: #003366;\"><a style=\"color: #003366;\" href=\"https:\/\/www.kimt.com\/content\/news\/571946042.html?ref=042\" target=\"_blank\" rel=\"noopener noreferrer\">declararon que estas medidas son temporales<\/a><\/span> mientras se encuentra una soluci\u00f3n final con respecto a DACA.<\/p>\n<p>La administraci\u00f3n actual de los Estados Unidos quiere revisar profusamente el veredicto de la Corte Suprema para tomar las decisiones apropiadas para este programa que protege a los j\u00f3venes inmigrantes.<\/p>\n<p>De hecho, uno de los funcionarios del Departamento de Seguridad Social (DHS, por sus siglas en ingl\u00e9s) declar\u00f3: <em>\u201cSi tuvi\u00e9ramos un punto final en el lugar, ya lo habr\u00edamos promulgado, pero vamos a pasar por un proceso m\u00e1s significativo en la l\u00ednea de la que habl\u00f3 la Corte Suprema y esperamos considerar a profundidad todos esos factores que identificaron y cumplir con esa orden\u201d.<\/em><\/p>\n<p>La raz\u00f3n principal por la que el gobierno decidi\u00f3 implementar estos cambios es porque la Corte nunca protegi\u00f3 a DACA, sino que solo declar\u00f3 que los argumentos del gobierno de Trump no eran suficientemente s\u00f3lidos como para cancelar este programa.<\/p>\n<p>Por ende, el presidente planea presentar otra solicitud para erradicar DACA, esta vez con argumentos diferentes y m\u00e1s estructurados.<\/p>\n<h2>Proteja su futuro en los Estados Unidos<\/h2>\n<p>A pesar de que las circunstancias actuales parecen interminables, la realidad es que hay una variedad muy amplia de opciones que usted podr\u00eda utilizar para poder entrar y residir legalmente en los Estados Unidos.<\/p>\n<p>Algunos procesos est\u00e1n retrasados debido a la crisis sanitaria, pero eso puede ser una ventaja para que usted utilice el tiempo sabiamente y prepare correctamente su solicitud de inmigraci\u00f3n.<\/p>\n<p>Es por eso que nosotros le recomendamos que busque ayuda de expertos para que elija el proceso que mejor se acomode a sus necesidades de inmigraci\u00f3n actuales y evite un posible rechazo de su solicitud.<\/p>\n<p>Si tiene alguna pregunta sobre un problema de inmigraci\u00f3n o sobre un caso que pueda tener actualmente en progreso, no dude en comunicarse con nosotros para una <span style=\"color: #003366;\"><a style=\"color: #003366;\" href=\"https:\/\/www.motionlaw.com\/es\/\"><strong>Consulta Telef\u00f3nica GRATUITA<\/strong><\/a><\/span> con uno de nuestros <span style=\"color: #003366;\"><a style=\"color: #003366;\" href=\"https:\/\/www.motionlaw.com\/es\/contactenos\/\">abogados expertos en inmigraci\u00f3n.<\/a><\/span><\/p>\n<p>Simplemente llame a Motion Law hoy al: <strong>(202) 918-1799.<\/strong><\/p>\n","protected":false},"excerpt":{"rendered":"<p>El gobierno de Trump anuncia nuevas medidas para DACA La administraci\u00f3n actual de los Estados Unidos est\u00e1 en desacuerdo con la idea de ofrecer oportunidades de residencia legal para los inmigrantes que cruzan las fronteras sin documentaci\u00f3n legal, incluyendo a los menores de edad. Esa es la raz\u00f3n por la que la Acci\u00f3n Diferida para&hellip;<\/p>\n","protected":false},"author":16,"featured_media":5824,"comment_status":"closed","ping_status":"closed","sticky":false,"template":"","format":"standard","meta":{"_monsterinsights_skip_tracking":false,"_monsterinsights_sitenote_active":false,"_monsterinsights_sitenote_note":"","_monsterinsights_sitenote_category":0,"_jetpack_memberships_contains_paid_content":false,"footnotes":""},"categories":[1690,89],"tags":[],"yst_prominent_words":[4544,5629,5653,1588,838,1597,2469,1166,1168,2456,5628,2934,2957,1167,832,7159,2508,2504,2737,7092],"class_list":["post-5821","post","type-post","status-publish","format-standard","has-post-thumbnail","hentry","category-ley-de-inmigracion","category-noticias-de-inmigracion"],"jetpack_featured_media_url":"https:\/\/www.motionlaw.com\/wp-content\/uploads\/SPA-4th-30-jul.png","jetpack_shortlink":"https:\/\/wp.me\/p93TlB-1vT","jetpack_sharing_enabled":true,"_links":{"self":[{"href":"https:\/\/www.motionlaw.com\/es\/wp-json\/wp\/v2\/posts\/5821","targetHints":{"allow":["GET"]}}],"collection":[{"href":"https:\/\/www.motionlaw.com\/es\/wp-json\/wp\/v2\/posts"}],"about":[{"href":"https:\/\/www.motionlaw.com\/es\/wp-json\/wp\/v2\/types\/post"}],"author":[{"embeddable":true,"href":"https:\/\/www.motionlaw.com\/es\/wp-json\/wp\/v2\/users\/16"}],"replies":[{"embeddable":true,"href":"https:\/\/www.motionlaw.com\/es\/wp-json\/wp\/v2\/comments?post=5821"}],"version-history":[{"count":1,"href":"https:\/\/www.motionlaw.com\/es\/wp-json\/wp\/v2\/posts\/5821\/revisions"}],"predecessor-version":[{"id":5826,"href":"https:\/\/www.motionlaw.com\/es\/wp-json\/wp\/v2\/posts\/5821\/revisions\/5826"}],"wp:featuredmedia":[{"embeddable":true,"href":"https:\/\/www.motionlaw.com\/es\/wp-json\/wp\/v2\/media\/5824"}],"wp:attachment":[{"href":"https:\/\/www.motionlaw.com\/es\/wp-json\/wp\/v2\/media?parent=5821"}],"wp:term":[{"taxonomy":"category","embeddable":true,"href":"https:\/\/www.motionlaw.com\/es\/wp-json\/wp\/v2\/categories?post=5821"},{"taxonomy":"post_tag","embeddable":true,"href":"https:\/\/www.motionlaw.com\/es\/wp-json\/wp\/v2\/tags?post=5821"},{"taxonomy":"yst_prominent_words","embeddable":true,"href":"https:\/\/www.motionlaw.com\/es\/wp-json\/wp\/v2\/yst_prominent_words?post=5821"}],"curies":[{"name":"wp","href":"https:\/\/api.w.org\/{rel}","templated":true}]}}