{"id":4633,"date":"2020-06-25T15:03:15","date_gmt":"2020-06-25T19:03:15","guid":{"rendered":"https:\/\/www.motionlaw.com\/?p=4633"},"modified":"2020-06-25T15:03:15","modified_gmt":"2020-06-25T19:03:15","slug":"la-corte-suprema-falla-a-favor-de-las-deportaciones-expresas","status":"publish","type":"post","link":"https:\/\/www.motionlaw.com\/es\/la-corte-suprema-falla-a-favor-de-las-deportaciones-expresas\/","title":{"rendered":"La Corte Suprema Falla a Favor de las Deportaciones Expresas"},"content":{"rendered":"<h1><span style=\"color: #161b33\">La \u00faltima decisi\u00f3n de la Corte Suprema de Justicia sobre las deportaciones expresas<\/span><\/h1>\n<p>La Corte Suprema de Justicia de los Estados Unidos fall\u00f3 a favor de la petici\u00f3n del presidente Trump para continuar con las deportaciones expresas sin necesidad de examinar todos los casos en una corte local.<\/p>\n<p>La administraci\u00f3n actual de los Estados Unidos est\u00e1 utilizando las deportaciones expresas durante la pandemia global de Coronavirus y esto ha generado mucha controversia en el pa\u00eds.<\/p>\n<p>De hecho, varias demandas judiciales han sido presentadas en contra de las deportaciones actuales y las regulaciones implementadas durante la pandemia.<\/p>\n<p>El argumento principal presentado en las demandas judiciales declara que las deportaciones expresas violan las leyes de la Constituci\u00f3n de los Estados Unidos y evaden la responsabilidad del pa\u00eds de proteger los derechos humanos internacionales.<\/p>\n<p>Sin embargo, a pesar de las m\u00faltiples cr\u00edticas, la <span style=\"color: #003366\"><a style=\"color: #003366\" href=\"https:\/\/www.telemundochicago.com\/noticias\/inmigracion\/corte-suprema-falla-a-favor-de-trump-en-caso-sobre-deportaciones-expres\/2100054\/\" target=\"_blank\" rel=\"noopener noreferrer\">Corte Suprema intervino y fall\u00f3 a favor de las deportaciones<\/a><\/span> expresas (tambi\u00e9n conocidas como \u201cexpulsi\u00f3n acelerada\u201d) en ciertos escenarios espec\u00edficos.<\/p>\n<p><strong>Para m\u00e1s <span style=\"color: #003366\"><a style=\"color: #003366\" href=\"https:\/\/www.motionlaw.com\/es\/blog\/\" target=\"_blank\" rel=\"noopener noreferrer\">noticias de inmigraci\u00f3n, por favor haga clic aqu\u00ed.<\/a><\/span><\/strong><\/p>\n<h2>La decisi\u00f3n de la Corte Suprema<\/h2>\n<p>Con un total de 7 votos contra 2, la Corte Suprema aprob\u00f3 las deportaciones sin necesidad de revisi\u00f3n preliminar en algunos casos de solicitudes de asilo.<\/p>\n<p>El comunicado oficial declara que:<\/p>\n<ul>\n<li>Si un inmigrante no cumple con los requisitos iniciales para solicitar asilo, se puede usar la deportaci\u00f3n expresa sin necesidad de que un juez local revise el caso.<\/li>\n<li>Cuando un inmigrante no recibe asilo porque no es elegible e intenta cruzar las fronteras ilegalmente y es detenido, se puede utilizar la deportaci\u00f3n expresa sin necesidad de acudir a una corte local.<\/li>\n<li>Si un inmigrante intenta cruzar las fronteras sin documentaci\u00f3n legal y es detenido, se puede utilizar la deportaci\u00f3n expresa si no es elegible para solicitar asilo pol\u00edtico en los Estados Unidos.<\/li>\n<\/ul>\n<p>La Corte Suprema tambi\u00e9n explic\u00f3 que las deportaciones expresas pueden ser utilizadas en ciertos escenarios y no violan la Constituci\u00f3n de los Estados Unidos.<\/p>\n<p><strong>Si usted necesita ayuda con un <span style=\"color: #003366\"><a style=\"color: #003366\" href=\"https:\/\/www.motionlaw.com\/es\/areas-de-practica\/deportacion\/\" target=\"_blank\" rel=\"noopener noreferrer\">Caso de Deportaci\u00f3n, por favor haga clic aqu\u00ed.<\/a><\/span><\/strong><\/p>\n<h2>El gobierno de Trump planea aumentar las restricciones<\/h2>\n<p>Es indudable que la administraci\u00f3n actual de los Estados Unidos planea incrementar las restricciones a la inmigraci\u00f3n, argumentando que es una carga innecesaria para la econom\u00eda local y debe evitarse a toda costa.<\/p>\n<p>Durante el brote masivo de Coronavirus en los Estados Unidos, han salido a flote todos los planes del gobierno de Trump con respecto a la inmigraci\u00f3n.<\/p>\n<p>El presidente ha mencionado en varias ocasiones que quiere usar las deportaciones expresas con los inmigrantes indocumentados alrededor del pa\u00eds.<\/p>\n<p>\u00c9l argumenta que ninguna persona que cruce las fronteras de los Estados Unidos ilegalmente deber\u00eda tener una oportunidad para obtener residencia legal o la ciudadan\u00eda.<\/p>\n<p>Esto ha generado una controversia gigantesca y ha desatado una lucha continua entre los defensores de los derechos de los inmigrantes y el gobierno de Trump.<\/p>\n<p>Por ende, es solo cuesti\u00f3n de tiempo mientras la Corte Suprema de Justicia toma las decisiones apropiadas con respecto a la inmigraci\u00f3n en los Estados Unidos.<\/p>\n<h2>Tome la decisi\u00f3n correcta<\/h2>\n<p>Es imperativo seguir los procesos de inmigraci\u00f3n cuidadosamente. El Servicio de Ciudadan\u00eda e Inmigraci\u00f3n de los Estados Unidos ya reabri\u00f3 sus oficinas despu\u00e9s de m\u00e1s de dos meses sin servicios presenciales.<\/p>\n<p>Este es el momento indicado para presentar su solicitud de inmigraci\u00f3n. La mejor recomendaci\u00f3n es contar con la ayuda de expertos para evitar cualquier inconveniente con su solicitud.<\/p>\n<p>Debemos aprovechar la oportunidad que tenemos de presentar los casos de inmigraci\u00f3n ya que la pandemia retras\u00f3 los procesos considerablemente.<\/p>\n<h2>\u00a1Nosotros estamos aqu\u00ed para ayudarle!<\/h2>\n<p>Si tiene alguna pregunta sobre un problema de inmigraci\u00f3n o sobre un caso que pueda tener actualmente en progreso, no dude en comunicarse con nosotros para una <span style=\"color: #003366\"><a style=\"color: #003366\" href=\"https:\/\/www.motionlaw.com\/es\/\"><strong>Consulta Telef\u00f3nica GRATUITA<\/strong> <\/a><\/span>con uno de nuestros <span style=\"color: #003366\"><a style=\"color: #003366\" href=\"https:\/\/www.motionlaw.com\/es\/contactenos\/\">abogados expertos en inmigraci\u00f3n.<\/a><\/span><\/p>\n<p>Simplemente llame a Motion Law hoy al:<strong> (202) 918-1799.<\/strong><\/p>\n","protected":false},"excerpt":{"rendered":"<p>La \u00faltima decisi\u00f3n de la Corte Suprema de Justicia sobre las deportaciones expresas La Corte Suprema de Justicia de los Estados Unidos fall\u00f3 a favor de la petici\u00f3n del presidente Trump para continuar con las deportaciones expresas sin necesidad de examinar todos los casos en una corte local. La administraci\u00f3n actual de los Estados Unidos&hellip;<\/p>\n","protected":false},"author":16,"featured_media":4634,"comment_status":"closed","ping_status":"closed","sticky":false,"template":"","format":"standard","meta":{"_monsterinsights_skip_tracking":false,"_monsterinsights_sitenote_active":false,"_monsterinsights_sitenote_note":"","_monsterinsights_sitenote_category":0,"_jetpack_memberships_contains_paid_content":false,"footnotes":""},"categories":[91,85,1690],"tags":[],"yst_prominent_words":[5899,2959,1227,838,5749,5901,5904,1166,5903,1168,5898,2934,2940,2957,5900,5835,1167,832,4977,5902],"class_list":["post-4633","post","type-post","status-publish","format-standard","has-post-thumbnail","hentry","category-comunicados-de-prensa","category-deportacion","category-ley-de-inmigracion"],"jetpack_featured_media_url":"https:\/\/www.motionlaw.com\/wp-content\/uploads\/SPA-3rd-25-jun.png","jetpack_shortlink":"https:\/\/wp.me\/p93TlB-1cJ","jetpack_sharing_enabled":true,"_links":{"self":[{"href":"https:\/\/www.motionlaw.com\/es\/wp-json\/wp\/v2\/posts\/4633","targetHints":{"allow":["GET"]}}],"collection":[{"href":"https:\/\/www.motionlaw.com\/es\/wp-json\/wp\/v2\/posts"}],"about":[{"href":"https:\/\/www.motionlaw.com\/es\/wp-json\/wp\/v2\/types\/post"}],"author":[{"embeddable":true,"href":"https:\/\/www.motionlaw.com\/es\/wp-json\/wp\/v2\/users\/16"}],"replies":[{"embeddable":true,"href":"https:\/\/www.motionlaw.com\/es\/wp-json\/wp\/v2\/comments?post=4633"}],"version-history":[{"count":1,"href":"https:\/\/www.motionlaw.com\/es\/wp-json\/wp\/v2\/posts\/4633\/revisions"}],"predecessor-version":[{"id":4636,"href":"https:\/\/www.motionlaw.com\/es\/wp-json\/wp\/v2\/posts\/4633\/revisions\/4636"}],"wp:featuredmedia":[{"embeddable":true,"href":"https:\/\/www.motionlaw.com\/es\/wp-json\/wp\/v2\/media\/4634"}],"wp:attachment":[{"href":"https:\/\/www.motionlaw.com\/es\/wp-json\/wp\/v2\/media?parent=4633"}],"wp:term":[{"taxonomy":"category","embeddable":true,"href":"https:\/\/www.motionlaw.com\/es\/wp-json\/wp\/v2\/categories?post=4633"},{"taxonomy":"post_tag","embeddable":true,"href":"https:\/\/www.motionlaw.com\/es\/wp-json\/wp\/v2\/tags?post=4633"},{"taxonomy":"yst_prominent_words","embeddable":true,"href":"https:\/\/www.motionlaw.com\/es\/wp-json\/wp\/v2\/yst_prominent_words?post=4633"}],"curies":[{"name":"wp","href":"https:\/\/api.w.org\/{rel}","templated":true}]}}