{"id":22313,"date":"2022-05-10T10:44:40","date_gmt":"2022-05-10T14:44:40","guid":{"rendered":"https:\/\/www.motionlaw.com\/?p=22313"},"modified":"2022-05-10T10:44:40","modified_gmt":"2022-05-10T14:44:40","slug":"opinion-estadounidense-sobre-la-situacion-fronteriza","status":"publish","type":"post","link":"https:\/\/www.motionlaw.com\/es\/opinion-estadounidense-sobre-la-situacion-fronteriza\/","title":{"rendered":"Opini\u00f3n Estadounidense Sobre la Situaci\u00f3n Fronteriza"},"content":{"rendered":"<h1>Encuesta: \u00bfQu\u00e9 piensan los Estadounidenses sobre el T\u00edtulo 42?<\/h1>\n<p>Una <span style=\"color: #003366;\"><a style=\"color: #003366;\" href=\"https:\/\/edition.cnn.com\/2022\/05\/05\/politics\/cnn-poll-immigration-asylum-title-42\/index.html\" target=\"_blank\" rel=\"noopener noreferrer\">encuesta<\/a><\/span> reciente revela que la mayor\u00eda de los votantes no est\u00e1n de acuerdo con el plan de Biden de levantar el T\u00edtulo 42 en este momento.<\/p>\n<p>La encuesta, conducida entre el 28 de abril y el 1 de mayo, estima que:<\/p>\n<ul>\n<li>El 57% de los votantes no est\u00e1 de acuerdo con levantar el T\u00edtulo 42 ahora.<\/li>\n<li>El 43% de los votantes est\u00e1 de acuerdo con levantar el T\u00edtulo 42 ahora.<\/li>\n<\/ul>\n<p>\u00bfEst\u00e1 buscando ayuda para su proceso de inmigraci\u00f3n? Esa es indudablemente la mejor decisi\u00f3n para proteger su futuro. \u00a1<span style=\"color: #003366;\"><strong><a style=\"color: #003366;\" href=\"https:\/\/www.motionlaw.com\/es\/contactenos\/\">Contacte a Motion Law Immigration<\/a><\/strong><\/span> y pregunte por su Consulta GRATUITA con nuestros abogados experimentados!<\/p>\n<h2>\u00bfDe d\u00f3nde proviene la controversia?<\/h2>\n<p>Para entender el problema en cuesti\u00f3n, es importante explicar varios puntos clave:<\/p>\n<ul>\n<li>El t\u00edtulo 42 hace referencia una pol\u00edtica fronteriza que ha estado activa desde el 2020, la cual permite la deportaci\u00f3n inmediata de la vasta mayor\u00eda de solicitantes de asilo por motivos de emergencia sanitaria.<\/li>\n<li>La administraci\u00f3n de Biden anunci\u00f3 que planea levantar esta regla fronteriza a finales de mayo del 2022.<\/li>\n<li>Un juez federal de Luisiana recientemente emiti\u00f3 una orden de restricci\u00f3n temporal en contra del plan de Biden de levantar el t\u00edtulo 42.<\/li>\n<\/ul>\n<p>Si est\u00e1 buscando gu\u00eda profesional para un caso de inmigraci\u00f3n de cualquier \u00edndole, \u00a1ya encontr\u00f3 al equipo perfecto para usted! <span style=\"color: #003366;\"><strong><a style=\"color: #003366;\" href=\"https:\/\/www.motionlaw.com\/es\/contactenos\/\">Contacte a Motion Law Immigration<\/a><\/strong><\/span>, programe una Consulta GRATUITA y siga el consejo de nuestros abogados experimentados, quienes han manejado toda clase de procesos de inmigraci\u00f3n y seguramente han ayudado a muchas personas en la misma situaci\u00f3n que usted.<\/p>\n<h2>La ret\u00f3rica que instila miedo entre la poblaci\u00f3n estadounidense<\/h2>\n<p>Expertos declaran abiertamente que una de las razones principales por la que un porcentaje relativamente alto la poblaci\u00f3n estadounidense no apoya la idea de levantar el T\u00edtulo 42 est\u00e1 relacionada con el mensaje de miedo que han enviado varios l\u00edderes pol\u00edticos con respecto a una supuesta, y a\u00fan falsa, \u2018invasi\u00f3n migrante\u2019 en las fronteras.<\/p>\n<p>Si est\u00e1 a punto de iniciar su viaje de inmigraci\u00f3n en los Estados Unidos o necesita ayuda con un caso pendiente, no dude en buscar ayuda fidedigna de profesionales en el campo. \u00a1<span style=\"color: #003366;\"><strong><a style=\"color: #003366;\" href=\"https:\/\/www.motionlaw.com\/es\/contactenos\/\">Contacte a Motion Law Immigration<\/a><\/strong><\/span>, programe una Consulta GRATUITA y siga el consejo de nuestros abogados experimentados!<\/p>\n<h2>Una mirada a la situaci\u00f3n<\/h2>\n<p>Inclusive si la administraci\u00f3n de Biden vuelve a los protocolos fronterizos pre-pandemia, a\u00fan necesitar\u00eda reestructurar el procesamiento de casos para que sea m\u00e1s efectivo y ordenado.<\/p>\n<p>Por ende, la soluci\u00f3n no radica en levantar el t\u00edtulo 42 y no, sino en entender que el sistema de inmigraci\u00f3n, m\u00e1s espec\u00edficamente cuando tiene que ver con la situaci\u00f3n fronteriza, necesita una mirada diferente, una mirada humana y actual.<\/p>\n<p>Ahora es el momento indicado para iniciar su viaje de inmigraci\u00f3n, pero con la ayuda de profesionales. <span style=\"color: #003366;\"><strong><a style=\"color: #003366;\" href=\"https:\/\/www.motionlaw.com\/es\/contactenos\/\">Contacte a Motion Law Immigration<\/a><\/strong><\/span> y pregunte por su Consulta GRATUITA con nuestros abogados expertos, quienes, a trav\u00e9s de a\u00f1os de experiencia, han asistido a muchas personas con toda clase de procesos de inmigraci\u00f3n.<\/p>\n<h2>Nuestro equipo es lo que usted necesita<\/h2>\n<p>Nosotros queremos ayudarle a cumplir sus sue\u00f1os en los Estados Unidos a trav\u00e9s del proceso de inmigraci\u00f3n que mejor se acomode a sus necesidades actuales. Por lo tanto, no dude en contactar a Motion Law Immigration, programe una <span style=\"color: #003366;\"><strong><a style=\"color: #003366;\" href=\"https:\/\/www.motionlaw.com\/es\/\">Consulta GRATUITA<\/a> <\/strong><\/span>y siga el consejo de nuestros <span style=\"color: #003366;\"><a style=\"color: #003366;\" href=\"https:\/\/www.motionlaw.com\/es\/contactenos\/\">abogados expertos en inmigraci\u00f3n<\/a><\/span>, quienes tienen una vasta experiencia con toda clase de casos de inmigraci\u00f3n y seguramente sabr\u00e1n cu\u00e1l es la mejor alternativa para su caso particular.<\/p>\n<p>Simplemente llame a Motion Law hoy al: <strong>(202) 918-1799.<\/strong><\/p>\n","protected":false},"excerpt":{"rendered":"<p>Encuesta: \u00bfQu\u00e9 piensan los Estadounidenses sobre el T\u00edtulo 42? Una encuesta reciente revela que la mayor\u00eda de los votantes no est\u00e1n de acuerdo con el plan de Biden de levantar el T\u00edtulo 42 en este momento. La encuesta, conducida entre el 28 de abril y el 1 de mayo, estima que: El 57% de los&hellip;<\/p>\n","protected":false},"author":16,"featured_media":22314,"comment_status":"closed","ping_status":"closed","sticky":false,"template":"","format":"standard","meta":{"_monsterinsights_skip_tracking":false,"_monsterinsights_sitenote_active":false,"_monsterinsights_sitenote_note":"","_monsterinsights_sitenote_category":0,"_jetpack_memberships_contains_paid_content":false,"footnotes":""},"categories":[89],"tags":[],"yst_prominent_words":[1119,8424],"class_list":["post-22313","post","type-post","status-publish","format-standard","has-post-thumbnail","hentry","category-noticias-de-inmigracion"],"jetpack_featured_media_url":"https:\/\/www.motionlaw.com\/wp-content\/uploads\/Opinion-Estadounidense-Sobre-la-Situacion-Fronteriza.jpg","jetpack_shortlink":"https:\/\/wp.me\/p93TlB-5NT","jetpack_sharing_enabled":true,"_links":{"self":[{"href":"https:\/\/www.motionlaw.com\/es\/wp-json\/wp\/v2\/posts\/22313","targetHints":{"allow":["GET"]}}],"collection":[{"href":"https:\/\/www.motionlaw.com\/es\/wp-json\/wp\/v2\/posts"}],"about":[{"href":"https:\/\/www.motionlaw.com\/es\/wp-json\/wp\/v2\/types\/post"}],"author":[{"embeddable":true,"href":"https:\/\/www.motionlaw.com\/es\/wp-json\/wp\/v2\/users\/16"}],"replies":[{"embeddable":true,"href":"https:\/\/www.motionlaw.com\/es\/wp-json\/wp\/v2\/comments?post=22313"}],"version-history":[{"count":1,"href":"https:\/\/www.motionlaw.com\/es\/wp-json\/wp\/v2\/posts\/22313\/revisions"}],"predecessor-version":[{"id":22316,"href":"https:\/\/www.motionlaw.com\/es\/wp-json\/wp\/v2\/posts\/22313\/revisions\/22316"}],"wp:featuredmedia":[{"embeddable":true,"href":"https:\/\/www.motionlaw.com\/es\/wp-json\/wp\/v2\/media\/22314"}],"wp:attachment":[{"href":"https:\/\/www.motionlaw.com\/es\/wp-json\/wp\/v2\/media?parent=22313"}],"wp:term":[{"taxonomy":"category","embeddable":true,"href":"https:\/\/www.motionlaw.com\/es\/wp-json\/wp\/v2\/categories?post=22313"},{"taxonomy":"post_tag","embeddable":true,"href":"https:\/\/www.motionlaw.com\/es\/wp-json\/wp\/v2\/tags?post=22313"},{"taxonomy":"yst_prominent_words","embeddable":true,"href":"https:\/\/www.motionlaw.com\/es\/wp-json\/wp\/v2\/yst_prominent_words?post=22313"}],"curies":[{"name":"wp","href":"https:\/\/api.w.org\/{rel}","templated":true}]}}