{"id":19187,"date":"2021-12-09T11:09:22","date_gmt":"2021-12-09T16:09:22","guid":{"rendered":"https:\/\/www.motionlaw.com\/?p=19187"},"modified":"2021-12-09T11:09:22","modified_gmt":"2021-12-09T16:09:22","slug":"la-reimplementacion-de-la-politica-del-mpp-inicia","status":"publish","type":"post","link":"https:\/\/www.motionlaw.com\/es\/la-reimplementacion-de-la-politica-del-mpp-inicia\/","title":{"rendered":"La Reimplementaci\u00f3n de la Pol\u00edtica del MPP Inicia"},"content":{"rendered":"<h1><span style=\"color: #161b33;\">Administraci\u00f3n de Biden revive la pol\u00edtica del MPP<\/span><\/h1>\n<p>El mi\u00e9rcoles 8 de diciembre, la administraci\u00f3n de Biden <span style=\"color: #003366;\"><a style=\"color: #003366;\" href=\"https:\/\/www.usnews.com\/news\/us\/articles\/2021-12-08\/first-migrants-sent-to-mexico-from-u-s-under-reboot-of-trump-era-scheme\" target=\"_blank\" rel=\"noopener noreferrer\">envi\u00f3 los primeros<\/a><\/span> dos solicitantes de asilo al territorio mexicano en medio de la reimplementaci\u00f3n del programa del MPP (Protocolos de Protecci\u00f3n al Migrante), tambi\u00e9n llamado <em>\u201cPermanecer en M\u00e9xico\u201d<\/em>.<\/p>\n<p>La pol\u00edtica del MPP fue inicialmente implementada por la administraci\u00f3n de Trump en el 2019 y declara que los solicitantes de asilo deber\u00edan permanecer en el territorio mexicano hasta recibir una respuesta a sus casos de inmigraci\u00f3n, lo cual suele tomar varios meses.<\/p>\n<p>La administraci\u00f3n de Trump explicaba que los solicitantes de asilo supuestamente se aprovechan del sistema de inmigraci\u00f3n local para trabajar en los Estados Unidos a sabiendas de que sus solicitudes ser\u00e1n rechazadas por no cumplir con los requisitos de elegibilidad.<\/p>\n<p>\u00bfNecesita ayuda con un caso de inmigraci\u00f3n de cualquier \u00edndole? No dude en <span style=\"color: #003366;\"><strong><a style=\"color: #003366;\" href=\"https:\/\/www.motionlaw.com\/es\/contactenos\/\">Contactar a Motion Law Immigration<\/a><\/strong><\/span> y pregunte por su Consulta GRATUITA con nuestros abogados experimentados, quienes, a trav\u00e9s de a\u00f1os manejando toda clase de procesos de inmigraci\u00f3n, seguramente han ayudado a muchas personas en la misma situaci\u00f3n que usted.<\/p>\n<h2>\u00bfPor qu\u00e9 la administraci\u00f3n de Biden tuvo que reimplementar la pol\u00edtica del MPP?<\/h2>\n<p>La administraci\u00f3n de Biden nunca ha estado de acuerdo con el programa del MPP. De hecho, en junio del 2021, <span style=\"color: #003366;\"><a style=\"color: #003366;\" href=\"https:\/\/www.motionlaw.com\/es\/dhs-rescinde-permanentemente-la-politica-del-mpp\/\" target=\"_blank\" rel=\"noopener noreferrer\">rescindi\u00f3 permanentemente<\/a><\/span> esta pol\u00edtica y cre\u00f3 un programa de reasentamiento para asistir a los solicitantes de asilo que a\u00fan estaban esperando en M\u00e9xico en medio de la pandemia global.<\/p>\n<p>No obstante, en agosto, un juez federal <span style=\"color: #003366;\"><a style=\"color: #003366;\" href=\"https:\/\/www.motionlaw.com\/es\/juez-ordena-la-reinstauracion-de-permanecer-en-mexico\/\" target=\"_blank\" rel=\"noopener noreferrer\">intervino en el caso<\/a><\/span> y declar\u00f3 que la administraci\u00f3n de Biden no sigui\u00f3 el proceso regular a la hora de terminar esta pol\u00edtica y, por ende, deb\u00eda reinstaurarla lo antes posible.<\/p>\n<p>Cuando la administraci\u00f3n de Biden intent\u00f3 apelar este fallo, la Corte Suprema de Justicia de los Estados Unidos apoy\u00f3 el veredicto del juez. Por ende, la administraci\u00f3n de Biden se vio obligada a reinstaurar la pol\u00edtica del MPP, lo que ha generado cr\u00edticas por parte de los defensores de los derechos de los inmigrantes, quienes declaran que Biden acept\u00f3 ciegamente la orden del juez.<\/p>\n<p>\u00bfEst\u00e1 a punto de iniciar su viaje de inmigraci\u00f3n en los Estados Unidos? O, \u00bfNecesita completar un caso pendiente ya dentro del pa\u00eds? De cualquier manera, nuestro equipo puede ayudarlo. \u00a1<span style=\"color: #003366;\"><strong><a style=\"color: #003366;\" href=\"https:\/\/www.motionlaw.com\/es\/contactenos\/\">Contacte a Motion Law Immigration<\/a><\/strong><\/span>, programe una Consulta GRATUITA y siga el consejo de nuestros abogados experimentados!<\/p>\n<h2>Incertidumbre sobre la reimplementaci\u00f3n del programa del MPP<\/h2>\n<p>Actualmente hay incertidumbre e insatisfacci\u00f3n entre la poblaci\u00f3n estadounidense porque, aparentemente, la administraci\u00f3n de Biden no solamente est\u00e1 reimplementando la pol\u00edtica del MPP, sino <span style=\"color: #003366;\"><a style=\"color: #003366;\" href=\"https:\/\/www.motionlaw.com\/es\/biden-esta-expandiendo-la-politica-del-mpp\/\" target=\"_blank\" rel=\"noopener noreferrer\">tambi\u00e9n expandi\u00e9ndola<\/a><\/span>.<\/p>\n<p>Esto genera un debate gigantesco especialmente porque el DHS (Departamento de Seguridad Nacional) <span style=\"color: #003366;\"><a style=\"color: #003366;\" href=\"https:\/\/www.motionlaw.com\/es\/el-dhs-intenta-rescindir-la-politica-del-mpp-de-nuevo\/\" target=\"_blank\" rel=\"noopener noreferrer\">emiti\u00f3 un nuevo memor\u00e1ndum<\/a><\/span> para rescindir la pol\u00edtica del MPP de nuevo en octubre, siguiendo los comentarios y preocupaciones del juez con respecto al proceso regular.<\/p>\n<p>Por ende, es bastante incierto cu\u00e1les son las intenciones de la administraci\u00f3n de Biden con respecto al programa del MPP o si su nuevo memor\u00e1ndum funcionar\u00e1 para finalmente terminar esta pol\u00edtica.<\/p>\n<p>Iniciar y completar un proceso de inmigraci\u00f3n es m\u00e1s simple y sencillo si sigue el consejo de profesionales. \u00a1<span style=\"color: #003366;\"><strong><a style=\"color: #003366;\" href=\"https:\/\/www.motionlaw.com\/es\/contactenos\/\">Contacte a Motion Law Immigration<\/a><\/strong><\/span>, programe una Consulta GRATUITA y siga el consejo de nuestros abogados experimentados!<\/p>\n<h2>\u00a1Este es el mejor momento para iniciar su proceso de inmigraci\u00f3n!<\/h2>\n<p>\u00bfNecesita ayuda con un caso de inmigraci\u00f3n de cualquier \u00edndole en los Estados Unidos? Entonces no dude en <span style=\"color: #003366;\"><strong><a style=\"color: #003366;\" href=\"https:\/\/www.motionlaw.com\/es\/contactenos\/\">Contactar a Motion Law Immigration<\/a><\/strong><\/span>, programe una Consulta GRATUITA y siga el consejo de nuestros abogados experimentados. Nuestro equipo puede ayudarle independientemente de si planea iniciar su viaje de inmigraci\u00f3n desde cero o si necesita completar un proceso pendiente ya dentro del pa\u00eds.<\/p>\n<h2>\u00a1Conozca a nuestro equipo e inicie su viaje de inmigraci\u00f3n hoy!<\/h2>\n<p>Nosotros entendemos que iniciar un proceso de inmigraci\u00f3n requiere dedicaci\u00f3n constante y ayuda de expertos. Nuestro equipo est\u00e1 altamente cualificado para guiarlo a trav\u00e9s de su viaje de inmigraci\u00f3n en los Estados Unidos, no dude en comunicarse con nosotros para una <span style=\"color: #003366;\"><strong><a style=\"color: #003366;\" href=\"https:\/\/www.motionlaw.com\/es\/\">Consulta Telef\u00f3nica GRATUITA<\/a><\/strong><\/span> con uno de nuestros <span style=\"color: #003366;\"><a style=\"color: #003366;\" href=\"https:\/\/www.motionlaw.com\/es\/contactenos\/\">abogados expertos en inmigraci\u00f3n<\/a><\/span>.<\/p>\n<p>Simplemente llame a Motion Law hoy al: <strong>(202) 918-1799.<\/strong><\/p>\n","protected":false},"excerpt":{"rendered":"<p>Administraci\u00f3n de Biden revive la pol\u00edtica del MPP El mi\u00e9rcoles 8 de diciembre, la administraci\u00f3n de Biden envi\u00f3 los primeros dos solicitantes de asilo al territorio mexicano en medio de la reimplementaci\u00f3n del programa del MPP (Protocolos de Protecci\u00f3n al Migrante), tambi\u00e9n llamado \u201cPermanecer en M\u00e9xico\u201d. La pol\u00edtica del MPP fue inicialmente implementada por la&hellip;<\/p>\n","protected":false},"author":16,"featured_media":19188,"comment_status":"closed","ping_status":"closed","sticky":false,"template":"","format":"standard","meta":{"_monsterinsights_skip_tracking":false,"_monsterinsights_sitenote_active":false,"_monsterinsights_sitenote_note":"","_monsterinsights_sitenote_category":0,"_jetpack_memberships_contains_paid_content":false,"footnotes":""},"categories":[90,89],"tags":[],"yst_prominent_words":[749,1166,2276,8446,8445,8447,6804,8424],"class_list":["post-19187","post","type-post","status-publish","format-standard","has-post-thumbnail","hentry","category-asilo-politico","category-noticias-de-inmigracion"],"jetpack_featured_media_url":"https:\/\/www.motionlaw.com\/wp-content\/uploads\/La-Reimplementacion-de-la-Politica-del-MPP-Inicia.jpg","jetpack_shortlink":"https:\/\/wp.me\/p93TlB-4Zt","jetpack_sharing_enabled":true,"_links":{"self":[{"href":"https:\/\/www.motionlaw.com\/es\/wp-json\/wp\/v2\/posts\/19187","targetHints":{"allow":["GET"]}}],"collection":[{"href":"https:\/\/www.motionlaw.com\/es\/wp-json\/wp\/v2\/posts"}],"about":[{"href":"https:\/\/www.motionlaw.com\/es\/wp-json\/wp\/v2\/types\/post"}],"author":[{"embeddable":true,"href":"https:\/\/www.motionlaw.com\/es\/wp-json\/wp\/v2\/users\/16"}],"replies":[{"embeddable":true,"href":"https:\/\/www.motionlaw.com\/es\/wp-json\/wp\/v2\/comments?post=19187"}],"version-history":[{"count":1,"href":"https:\/\/www.motionlaw.com\/es\/wp-json\/wp\/v2\/posts\/19187\/revisions"}],"predecessor-version":[{"id":19190,"href":"https:\/\/www.motionlaw.com\/es\/wp-json\/wp\/v2\/posts\/19187\/revisions\/19190"}],"wp:featuredmedia":[{"embeddable":true,"href":"https:\/\/www.motionlaw.com\/es\/wp-json\/wp\/v2\/media\/19188"}],"wp:attachment":[{"href":"https:\/\/www.motionlaw.com\/es\/wp-json\/wp\/v2\/media?parent=19187"}],"wp:term":[{"taxonomy":"category","embeddable":true,"href":"https:\/\/www.motionlaw.com\/es\/wp-json\/wp\/v2\/categories?post=19187"},{"taxonomy":"post_tag","embeddable":true,"href":"https:\/\/www.motionlaw.com\/es\/wp-json\/wp\/v2\/tags?post=19187"},{"taxonomy":"yst_prominent_words","embeddable":true,"href":"https:\/\/www.motionlaw.com\/es\/wp-json\/wp\/v2\/yst_prominent_words?post=19187"}],"curies":[{"name":"wp","href":"https:\/\/api.w.org\/{rel}","templated":true}]}}