{"id":19178,"date":"2021-12-09T09:57:40","date_gmt":"2021-12-09T14:57:40","guid":{"rendered":"https:\/\/www.motionlaw.com\/?p=19178"},"modified":"2021-12-09T09:57:40","modified_gmt":"2021-12-09T14:57:40","slug":"lideres-democratas-apoyan-protestas-para-promover-el-camino-a-la-ciudadania","status":"publish","type":"post","link":"https:\/\/www.motionlaw.com\/es\/lideres-democratas-apoyan-protestas-para-promover-el-camino-a-la-ciudadania\/","title":{"rendered":"L\u00edderes Dem\u00f3cratas Apoyan Protestas para Promover el Camino a la Ciudadan\u00eda"},"content":{"rendered":"<h1><span style=\"color: #161b33;\">La intervenci\u00f3n del Parlamentario del Senado sobre las provisiones de inmigraci\u00f3n<\/span><\/h1>\n<p>El proyecto de gastos de Biden, llamado agenda BBB (Build Back Better), est\u00e1 actualmente en el ojo del hurac\u00e1n debido a que est\u00e1 bajo revisi\u00f3n del Senado y porque incluye una serie de provisiones de inmigraci\u00f3n que buscan promulgar la primera reforma integral en d\u00e9cadas.<\/p>\n<p>La raz\u00f3n por la que la administraci\u00f3n de Biden est\u00e1 promoviendo cambios substanciales sobre el sistema de inmigraci\u00f3n por medio del proyecto de gastos es porque le permitir\u00eda evadir el obstruccionismo Republicano en el Senado gracias al proceso de reconciliaci\u00f3n presupuestario, siempre y cuando el caucus Dem\u00f3crata est\u00e9 unido.<\/p>\n<p>No obstante, el Parlamentario del Senado, consejero de pol\u00edtica de esta c\u00e1mara del Congreso, ha intervenido en los planes de los l\u00edderes Dem\u00f3cratas varias veces, rechazando el lenguaje de inmigraci\u00f3n incluido en el paquete de gastos en dos ocasiones:<\/p>\n<ol>\n<li>El plan inicial y principal de los l\u00edderes Dem\u00f3cratas era <span style=\"color: #003366;\"><a style=\"color: #003366;\" href=\"https:\/\/www.motionlaw.com\/es\/parlamentario-del-senado-rechaza-resolucion-migratoria-en-paquete-presupuestario\/\" target=\"_blank\" rel=\"noopener noreferrer\">abrir un camino a la ciudadan\u00eda<\/a><\/span> para los inmigrantes que residen en los Estados Unidos indocumentados, alrededor de 11 millones de personas.<\/li>\n<li>El segundo intento de los l\u00edderes Dem\u00f3cratas era <span style=\"color: #003366;\"><a style=\"color: #003366;\" href=\"https:\/\/www.motionlaw.com\/es\/parlamentario-del-senado-rechaza-segunda-propuesta-migratoria\/\" target=\"_blank\" rel=\"noopener noreferrer\">actualizar la Provisi\u00f3n de Registro<\/a><\/span> para permitir a los inmigrantes indocumentados elegibles solicitar una Green Card, la cual otorga residencia legal permanente, siempre y cuando hayan residido en los Estados Unidos durante un periodo de tiempo determinado, usualmente 15 a\u00f1os.<\/li>\n<\/ol>\n<p>Si est\u00e1 a punto de iniciar su viaje de inmigraci\u00f3n en los Estados Unidos o necesita ayuda con un caso pendiente, no dude en buscar ayuda fidedigna de profesionales en el campo. \u00a1<span style=\"color: #003366;\"><strong><a style=\"color: #003366;\" href=\"https:\/\/www.motionlaw.com\/es\/contactenos\/\">Contacte a Motion Law Immigration<\/a><\/strong><\/span>, programe una Consulta GRATUITA y siga el consejo de nuestros abogados experimentados!<\/p>\n<h2>L\u00edderes Dem\u00f3cratas acompa\u00f1an a activistas para apoyar el camino a la ciudadan\u00eda<\/h2>\n<p>El martes 7 de diciembre, varios l\u00edderes pol\u00edticos Dem\u00f3cratas <span style=\"color: #003366;\"><a style=\"color: #003366;\" href=\"https:\/\/www.foxnews.com\/politics\/aoc-senate-dem-parliamentarian-amnesty-spending-bill\" target=\"_blank\" rel=\"noopener noreferrer\">se unieron a un grupo<\/a><\/span> de aproximadamente 150 activistas en frente del Capitolio de los Estados Unidos, pidiendo a la administraci\u00f3n de Biden incluir el camino a la ciudadan\u00eda en el paquete presupuestario.<\/p>\n<p>En este punto es importante explicar que los fallos del Parlamentario del Senado no necesariamente son una orden o un veredicto fijo, sino m\u00e1s bien una explicaci\u00f3n y una opini\u00f3n sobre los procedimientos presupuestales y las pol\u00edticas del Senado.<\/p>\n<p>Por ende, los activistas y los l\u00edderes Dem\u00f3cratas piden a la administraci\u00f3n de Biden seguir adelante con su intenci\u00f3n de abrir un camino a la ciudadan\u00eda para los inmigrantes indocumentados.<\/p>\n<p>Si est\u00e1 buscando gu\u00eda profesional para un caso de inmigraci\u00f3n de cualquier \u00edndole, \u00a1ya encontr\u00f3 al equipo perfecto para usted! <span style=\"color: #003366;\"><strong><a style=\"color: #003366;\" href=\"https:\/\/www.motionlaw.com\/es\/contactenos\/\">Contacte a Motion Law Immigration<\/a><\/strong><\/span>, programe una Consulta GRATUITA y siga el consejo de nuestros abogados experimentados, quienes han manejado toda clase de procesos de inmigraci\u00f3n y seguramente han ayudado a muchas personas en la misma situaci\u00f3n que usted.<\/p>\n<h2>Ahora el lenguaje de inmigraci\u00f3n es bastante reducido<\/h2>\n<p>Despu\u00e9s del rechazo del Parlamentario del Senado sobre las dos primeras propuestas migratorias en el paquete presupuestario, los l\u00edderes Dem\u00f3cratas estrecharon las provisiones de inmigraci\u00f3n y ahora proponen expandir el poder de libertad condicional para ofrecer protecci\u00f3n temporal frente a la deportaci\u00f3n a aproximadamente 7 millones de inmigrantes indocumentados, quienes son trabajadores esenciales en toda clase de sectores.<\/p>\n<p>Esto ha desatado inconformismo entre grupos de activistas y defensores de los derechos de los inmigrantes, quienes declaran que expandir el poder de libertad condicional solo ofrecer\u00eda una soluci\u00f3n temporal y no permanente para los trabajadores extranjeros indocumentados.<\/p>\n<p>Evite situaciones precarias y siga los lineamientos legales a la hora de iniciar su viaje de inmigraci\u00f3n en los Estados Unidos, seguramente hay al menos una opci\u00f3n que podr\u00eda acomodarse a sus necesidades actuales. <span style=\"color: #003366;\"><strong><a style=\"color: #003366;\" href=\"https:\/\/www.motionlaw.com\/es\/contactenos\/\">Contacte a Motion Law Immigration<\/a><\/strong><\/span> y pregunte por su Consulta GRATUITA con nuestros abogados experimentados.<\/p>\n<h2>\u00a1No dude en seguir el consejo de profesionales!<\/h2>\n<p>Nosotros queremos brindarle acompa\u00f1amiento constante durante su proceso migratorio y ayudarle a construir el futuro que usted desea y merece en los Estados Unidos.<\/p>\n<p><span style=\"color: #003366;\"><strong><a style=\"color: #003366;\" href=\"https:\/\/www.motionlaw.com\/es\/contactenos\/\">Contacte a Motion Law Immigration<\/a><\/strong><\/span> y siga el consejo de nuestros abogados experimentados, independientemente de si necesita ayuda para iniciar un proceso de inmigraci\u00f3n desde cero, si necesita solicitar su documentaci\u00f3n legal o si tiene un proceso pendiente.<\/p>\n<h2>\u00bfQu\u00e9 est\u00e1 esperando para iniciar su proceso de inmigraci\u00f3n?<\/h2>\n<p>Si usted, un familiar o un amigo necesita ayuda con un caso de inmigraci\u00f3n, si\u00e9ntase libre de contactar a Motion Law Immigration y programe una <span style=\"color: #003366;\"><strong><a style=\"color: #003366;\" href=\"https:\/\/www.motionlaw.com\/es\/\">Consulta GRATUITA<\/a><\/strong><\/span> con uno de nuestros <span style=\"color: #003366;\"><a style=\"color: #003366;\" href=\"https:\/\/www.motionlaw.com\/es\/contactenos\/\">abogados expertos en inmigraci\u00f3n<\/a><\/span>. Nuestro equipo estar\u00e1 encantado de guiarlo a trav\u00e9s de su viaje de inmigraci\u00f3n en los Estados Unidos.<\/p>\n<p>Comun\u00edquese con Motion Law Immigration hoy mismo al: <strong>(202) 918-1799.<\/strong><\/p>\n","protected":false},"excerpt":{"rendered":"<p>La intervenci\u00f3n del Parlamentario del Senado sobre las provisiones de inmigraci\u00f3n El proyecto de gastos de Biden, llamado agenda BBB (Build Back Better), est\u00e1 actualmente en el ojo del hurac\u00e1n debido a que est\u00e1 bajo revisi\u00f3n del Senado y porque incluye una serie de provisiones de inmigraci\u00f3n que buscan promulgar la primera reforma integral en&hellip;<\/p>\n","protected":false},"author":16,"featured_media":19179,"comment_status":"closed","ping_status":"closed","sticky":false,"template":"","format":"standard","meta":{"_monsterinsights_skip_tracking":false,"_monsterinsights_sitenote_active":false,"_monsterinsights_sitenote_note":"","_monsterinsights_sitenote_category":0,"_jetpack_memberships_contains_paid_content":false,"footnotes":""},"categories":[89],"tags":[],"yst_prominent_words":[749,7529,1225,1166,4723,832,1119,7527,7528,8424],"class_list":["post-19178","post","type-post","status-publish","format-standard","has-post-thumbnail","hentry","category-noticias-de-inmigracion"],"jetpack_featured_media_url":"https:\/\/www.motionlaw.com\/wp-content\/uploads\/Lideres-Democratas-Apoyan-Protestas-para-Promover-el-Camino-a-la-Ciudadania.jpg","jetpack_shortlink":"https:\/\/wp.me\/p93TlB-4Zk","jetpack_sharing_enabled":true,"_links":{"self":[{"href":"https:\/\/www.motionlaw.com\/es\/wp-json\/wp\/v2\/posts\/19178","targetHints":{"allow":["GET"]}}],"collection":[{"href":"https:\/\/www.motionlaw.com\/es\/wp-json\/wp\/v2\/posts"}],"about":[{"href":"https:\/\/www.motionlaw.com\/es\/wp-json\/wp\/v2\/types\/post"}],"author":[{"embeddable":true,"href":"https:\/\/www.motionlaw.com\/es\/wp-json\/wp\/v2\/users\/16"}],"replies":[{"embeddable":true,"href":"https:\/\/www.motionlaw.com\/es\/wp-json\/wp\/v2\/comments?post=19178"}],"version-history":[{"count":1,"href":"https:\/\/www.motionlaw.com\/es\/wp-json\/wp\/v2\/posts\/19178\/revisions"}],"predecessor-version":[{"id":19181,"href":"https:\/\/www.motionlaw.com\/es\/wp-json\/wp\/v2\/posts\/19178\/revisions\/19181"}],"wp:featuredmedia":[{"embeddable":true,"href":"https:\/\/www.motionlaw.com\/es\/wp-json\/wp\/v2\/media\/19179"}],"wp:attachment":[{"href":"https:\/\/www.motionlaw.com\/es\/wp-json\/wp\/v2\/media?parent=19178"}],"wp:term":[{"taxonomy":"category","embeddable":true,"href":"https:\/\/www.motionlaw.com\/es\/wp-json\/wp\/v2\/categories?post=19178"},{"taxonomy":"post_tag","embeddable":true,"href":"https:\/\/www.motionlaw.com\/es\/wp-json\/wp\/v2\/tags?post=19178"},{"taxonomy":"yst_prominent_words","embeddable":true,"href":"https:\/\/www.motionlaw.com\/es\/wp-json\/wp\/v2\/yst_prominent_words?post=19178"}],"curies":[{"name":"wp","href":"https:\/\/api.w.org\/{rel}","templated":true}]}}