{"id":19151,"date":"2021-12-08T12:10:04","date_gmt":"2021-12-08T17:10:04","guid":{"rendered":"https:\/\/www.motionlaw.com\/?p=19151"},"modified":"2021-12-08T18:03:13","modified_gmt":"2021-12-08T23:03:13","slug":"biden-esta-expandiendo-la-politica-del-mpp","status":"publish","type":"post","link":"https:\/\/www.motionlaw.com\/es\/biden-esta-expandiendo-la-politica-del-mpp\/","title":{"rendered":"\u00bfBiden Est\u00e1 Expandiendo la Pol\u00edtica del MPP?"},"content":{"rendered":"<h1><span style=\"color: #161b33;\">\u00bfLa administraci\u00f3n de Biden reimplement\u00f3 y tambi\u00e9n expandi\u00f3 el MPP?<\/span><\/h1>\n<p>Hay una creciente incertidumbre entre defensores de los derechos de los inmigrantes y activistas debido a que la administraci\u00f3n de Biden reimplement\u00f3 la pol\u00edtica del MPP (Protocolos de Protecci\u00f3n al Migrante) y, al parecer, tambi\u00e9n la expandi\u00f3.<\/p>\n<p>De acuerdo con<span style=\"color: #003366;\"><a style=\"color: #003366;\" href=\"https:\/\/www.vox.com\/platform\/amp\/policy-and-politics\/2021\/12\/4\/22815657\/biden-remain-in-mexico-mpp-border-migrant\" target=\"_blank\" rel=\"noopener noreferrer\"> comunicados recientes<\/a><\/span>, la administraci\u00f3n de Biden est\u00e1 expandiendo la regla del MPP al incluir a solicitantes de asilo que no provienen de pa\u00edses hispanohablantes, lo que incrementar\u00eda la cantidad de personas inscritas en este programa.<\/p>\n<p>Veamos los antecedentes de la situaci\u00f3n:<\/p>\n<h3>La pol\u00edtica del MPP \u2013 Breve explicaci\u00f3n<\/h3>\n<p>La administraci\u00f3n de Trump implement\u00f3 este programa en el 2019, el cual declara que los migrantes que lleguen a las fronteras a solicitar asilo pol\u00edtico en los Estados Unidos deben esperar en el territorio mexicano hasta recibir una respuesta a sus casos de inmigraci\u00f3n. De hecho, esta pol\u00edtica es tambi\u00e9n conocida como <em>\u201cPermanecer en M\u00e9xico\u201d<\/em>.<\/p>\n<p>\u00a1Dese la oportunidad de tener un viaje de inmigraci\u00f3n ameno, simple y exitoso! <span style=\"color: #003366;\"><strong><a style=\"color: #003366;\" href=\"https:\/\/www.motionlaw.com\/es\/contactenos\/\">Llame a Motion Law Immigration<\/a><\/strong><\/span>, programe una Consulta GRATUITA y siga el consejo de nuestros abogados experimentados.<\/p>\n<h3>Los pasos de la administraci\u00f3n de Biden para rescindir la pol\u00edtica del MPP<\/h3>\n<p>A inicios de a\u00f1o, la administraci\u00f3n de Biden suspendi\u00f3 las inscripciones en el programa del MPP y luego dio a conocer un plan de reasentamiento para los solicitantes de asilo que a\u00fan estaban esperando en M\u00e9xico.<\/p>\n<p>Posteriormente, el DHS (Departamento de Seguridad Nacional) de Biden <span style=\"color: #003366;\"><a style=\"color: #003366;\" href=\"https:\/\/www.motionlaw.com\/es\/dhs-rescinde-permanentemente-la-politica-del-mpp\/\" target=\"_blank\" rel=\"noopener noreferrer\">rescindi\u00f3 permanentemente<\/a><\/span> esta pol\u00edtica en junio del 2021, declarando que era ineficiente e inhumana.<\/p>\n<p>Proteja su futuro siguiendo el consejo de expertos en temas de inmigraci\u00f3n. <span style=\"color: #003366;\"><strong><a style=\"color: #003366;\" href=\"https:\/\/www.motionlaw.com\/es\/contactenos\/\">Contacte a Motion Law Immigration<\/a><\/strong><\/span>, programe una Consulta GRATUITA y siga el consejo de nuestros abogados expertos, quienes, a trav\u00e9s de a\u00f1os de experiencia, seguramente han ayudado a muchas personas en la misma situaci\u00f3n que usted.<\/p>\n<h3>Juez orden\u00f3 la reimplementaci\u00f3n del MPP<\/h3>\n<p>En agosto, un juez federal de Texas designado por Trump, respondiendo a una demanda judicial, declar\u00f3 que la administraci\u00f3n de Biden no sigui\u00f3 los protocolos regulares cuando termin\u00f3 la pol\u00edtica del MPP y, por ende, <span style=\"color: #003366;\"><a style=\"color: #003366;\" href=\"https:\/\/www.motionlaw.com\/es\/juez-ordena-la-reinstauracion-de-permanecer-en-mexico\/\" target=\"_blank\" rel=\"noopener noreferrer\">orden\u00f3 su reimplementaci\u00f3n<\/a><\/span> inmediata.<\/p>\n<p>\u00bfNecesita ayuda con un caso de inmigraci\u00f3n de cualquier \u00edndole? No dude en <span style=\"color: #003366;\"><strong><a style=\"color: #003366;\" href=\"https:\/\/www.motionlaw.com\/es\/contactenos\/\">Contactar a Motion Law Immigration<\/a><\/strong><\/span> y pregunte por su Consulta GRATUITA con nuestros abogados experimentados, quienes estar\u00e1n felices de guiarlo durante su viaje de inmigraci\u00f3n en los Estados Unidos.<\/p>\n<h3>Biden reinstaura la pol\u00edtica del MPP<\/h3>\n<p>El 2 de diciembre, la <span style=\"color: #003366;\"><a style=\"color: #003366;\" href=\"https:\/\/www.motionlaw.com\/es\/biden-reinstaurara-la-politica-del-mpp-bajo-nuevas-condiciones\/\" target=\"_blank\" rel=\"noopener noreferrer\">administraci\u00f3n de Biden anunci\u00f3<\/a><\/span> que hab\u00eda llegado a acuerdos con el gobierno mexicano y que, siguiendo la orden del juez federal, reinstaurar\u00eda la pol\u00edtica del MPP esta semana.<\/p>\n<p>Es importante aclarar que la versi\u00f3n del programa del MPP implementada por la administraci\u00f3n de Biden incluye nuevas condiciones y par\u00e1metros, los cuales fueron delineados por el gobierno mexicano a la luz de preocupaciones humanitarias.<\/p>\n<p>No obstante, el hecho de que Biden haya expandido el programa levanta preguntas entre la poblaci\u00f3n local y pone en duda la intenci\u00f3n de su administraci\u00f3n.<\/p>\n<p>No arriesgue su futuro solo por no seguir los lineamientos legales establecidos por el sistema de inmigraci\u00f3n de los Estados Unidos o por falta de informaci\u00f3n. \u00a1<span style=\"color: #003366;\"><strong><a style=\"color: #003366;\" href=\"https:\/\/www.motionlaw.com\/es\/contactenos\/\">Contacte a Motion Law Immigration<\/a><\/strong><\/span>, programe una Consulta GRATUITA y siga el consejo de nuestros abogados experimentados!<\/p>\n<h3>Biden toma nuevas acciones para terminar este programa<\/h3>\n<p>A finales de octubre y en medio de la controversia por la reimplementaci\u00f3n del MPP, el DHS <span style=\"color: #003366;\"><a style=\"color: #003366;\" href=\"https:\/\/www.motionlaw.com\/es\/el-dhs-intenta-rescindir-la-politica-del-mpp-de-nuevo\/\" target=\"_blank\" rel=\"noopener noreferrer\">emiti\u00f3 un nuevo memor\u00e1ndum<\/a><\/span> para rescindir este programa de nuevo, esta vez siguiendo los comentarios del juez con respecto al proceso regular.<\/p>\n<p>Esta acci\u00f3n por parte de la administraci\u00f3n de Biden a\u00fan est\u00e1 inconclusa debido a que est\u00e1 en periodo de revisi\u00f3n y comentarios por parte de la poblaci\u00f3n estadounidense y porque hay litigaci\u00f3n pendiente.<\/p>\n<p>Nuestro equipo tiene una vasta experiencia cuando se trata de toda clase de proceso de inmigraci\u00f3n. Por ende, si est\u00e1 a punto de iniciar su viaje de inmigraci\u00f3n en los Estados Unidos o necesita ayuda con un proceso pendiente, no dude en <span style=\"color: #003366;\"><strong><a style=\"color: #003366;\" href=\"https:\/\/www.motionlaw.com\/es\/contactenos\/\">Contactar a Motion Law Immigration<\/a><\/strong><\/span>, programe una Consulta GRATUITA y siga el consejo de nuestros abogados experimentados.<\/p>\n<h2>\u00bfYa est\u00e1 listo para iniciar su viaje de inmigraci\u00f3n en los Estados Unidos?<\/h2>\n<p>Nosotros entendemos que iniciar un proceso de inmigraci\u00f3n requiere dedicaci\u00f3n constante y ayuda de expertos. Nuestro equipo est\u00e1 altamente cualificado para guiarlo a trav\u00e9s de su viaje de inmigraci\u00f3n en los Estados Unidos, no dude en comunicarse con nosotros para una <span style=\"color: #003366;\"><strong><a style=\"color: #003366;\" href=\"https:\/\/www.motionlaw.com\/es\/\">Consulta Telef\u00f3nica GRATUITA<\/a><\/strong><\/span> con uno de nuestros <span style=\"color: #003366;\"><a style=\"color: #003366;\" href=\"https:\/\/www.motionlaw.com\/es\/contactenos\/\">abogados expertos en inmigraci\u00f3n.<\/a><\/span><\/p>\n<p>Simplemente llame a Motion Law hoy al: <strong>(202) 918-1799.<\/strong><\/p>\n","protected":false},"excerpt":{"rendered":"<p>\u00bfLa administraci\u00f3n de Biden reimplement\u00f3 y tambi\u00e9n expandi\u00f3 el MPP? Hay una creciente incertidumbre entre defensores de los derechos de los inmigrantes y activistas debido a que la administraci\u00f3n de Biden reimplement\u00f3 la pol\u00edtica del MPP (Protocolos de Protecci\u00f3n al Migrante) y, al parecer, tambi\u00e9n la expandi\u00f3. De acuerdo con comunicados recientes, la administraci\u00f3n de&hellip;<\/p>\n","protected":false},"author":16,"featured_media":19152,"comment_status":"closed","ping_status":"closed","sticky":false,"template":"","format":"standard","meta":{"_monsterinsights_skip_tracking":false,"_monsterinsights_sitenote_active":false,"_monsterinsights_sitenote_note":"","_monsterinsights_sitenote_category":0,"_jetpack_memberships_contains_paid_content":false,"footnotes":""},"categories":[90,89],"tags":[],"yst_prominent_words":[7529,1166,4723,2276,8445,7527,7528,8424],"class_list":["post-19151","post","type-post","status-publish","format-standard","has-post-thumbnail","hentry","category-asilo-politico","category-noticias-de-inmigracion"],"jetpack_featured_media_url":"https:\/\/www.motionlaw.com\/wp-content\/uploads\/Biden-Esta-Expandiendo-la-Politica-del-MPP.jpg","jetpack_shortlink":"https:\/\/wp.me\/p93TlB-4YT","jetpack_sharing_enabled":true,"_links":{"self":[{"href":"https:\/\/www.motionlaw.com\/es\/wp-json\/wp\/v2\/posts\/19151","targetHints":{"allow":["GET"]}}],"collection":[{"href":"https:\/\/www.motionlaw.com\/es\/wp-json\/wp\/v2\/posts"}],"about":[{"href":"https:\/\/www.motionlaw.com\/es\/wp-json\/wp\/v2\/types\/post"}],"author":[{"embeddable":true,"href":"https:\/\/www.motionlaw.com\/es\/wp-json\/wp\/v2\/users\/16"}],"replies":[{"embeddable":true,"href":"https:\/\/www.motionlaw.com\/es\/wp-json\/wp\/v2\/comments?post=19151"}],"version-history":[{"count":2,"href":"https:\/\/www.motionlaw.com\/es\/wp-json\/wp\/v2\/posts\/19151\/revisions"}],"predecessor-version":[{"id":19173,"href":"https:\/\/www.motionlaw.com\/es\/wp-json\/wp\/v2\/posts\/19151\/revisions\/19173"}],"wp:featuredmedia":[{"embeddable":true,"href":"https:\/\/www.motionlaw.com\/es\/wp-json\/wp\/v2\/media\/19152"}],"wp:attachment":[{"href":"https:\/\/www.motionlaw.com\/es\/wp-json\/wp\/v2\/media?parent=19151"}],"wp:term":[{"taxonomy":"category","embeddable":true,"href":"https:\/\/www.motionlaw.com\/es\/wp-json\/wp\/v2\/categories?post=19151"},{"taxonomy":"post_tag","embeddable":true,"href":"https:\/\/www.motionlaw.com\/es\/wp-json\/wp\/v2\/tags?post=19151"},{"taxonomy":"yst_prominent_words","embeddable":true,"href":"https:\/\/www.motionlaw.com\/es\/wp-json\/wp\/v2\/yst_prominent_words?post=19151"}],"curies":[{"name":"wp","href":"https:\/\/api.w.org\/{rel}","templated":true}]}}