{"id":16999,"date":"2021-09-13T14:12:44","date_gmt":"2021-09-13T18:12:44","guid":{"rendered":"https:\/\/www.motionlaw.com\/?p=16999"},"modified":"2021-09-13T14:12:44","modified_gmt":"2021-09-13T18:12:44","slug":"administracion-de-biden-apela-decision-de-juez-de-suspender-daca","status":"publish","type":"post","link":"https:\/\/www.motionlaw.com\/es\/administracion-de-biden-apela-decision-de-juez-de-suspender-daca\/","title":{"rendered":"Administraci\u00f3n de Biden Apela Decisi\u00f3n de Juez de Suspender DACA"},"content":{"rendered":"<h1><span style=\"color: #161b33;\">Biden cumple promesa de apelar la decisi\u00f3n sobre DACA<\/span><\/h1>\n<p>El viernes 10 de septiembre del 2021, el DOJ (Departamento de Justicia) de Biden present\u00f3 un <span style=\"color: #003366;\"><a style=\"color: #003366;\" href=\"https:\/\/abcnews.go.com\/Politics\/promised-biden-administration-appeals-texas-ruling-making-daca\/story?id=79961785\" target=\"_blank\" rel=\"noopener noreferrer\">Aviso de Apelaci\u00f3n<\/a><\/span> en la Corte de Apelaciones del Quinto Circuito, pidiendo revertir la decisi\u00f3n del juez federal Andrew Hanen sobre DACA (Acci\u00f3n Diferida para los Llegados en la Infancia).<\/p>\n<p>Es importante explicar que DACA es un programe de alivio frente a la deportaci\u00f3n que fue implementado en el 2012 por la administraci\u00f3n de Obama y protege a j\u00f3venes inmigrantes conocidos como Dreamers por dos a\u00f1os con posibilidad de extensi\u00f3n.<\/p>\n<p>Los Dreamers son inmigrantes que llegaron a los Estados Unidos cuando eran menores de edad y quienes, en su vasta mayor\u00eda, han vivido ac\u00e1 desde que tienen memoria y son ahora trabajadores esenciales en toda clase de sectores del mercado local.<\/p>\n<p>Cuando el Juez Hanen <span style=\"color: #003366;\"><a style=\"color: #003366;\" href=\"https:\/\/www.motionlaw.com\/es\/juez-falla-en-contra-daca-un-programa-de-alivio-a-la-deportacion\/\" target=\"_blank\" rel=\"noopener noreferrer\">suspendi\u00f3 nuevas<\/a><\/span> inscripciones en el programa de DACA a mediados de julio, el presidente Biden emiti\u00f3 un <span style=\"color: #003366;\"><a style=\"color: #003366;\" href=\"https:\/\/www.motionlaw.com\/es\/biden-planea-intervenir-en-el-fallo-sobre-daca\/\" target=\"_blank\" rel=\"noopener noreferrer\">comunicado<\/a><\/span>, donde prometi\u00f3 que su administraci\u00f3n retar\u00eda la decisi\u00f3n del juez.<\/p>\n<p>\u00bfNecesita ayuda con un caso de inmigraci\u00f3n de cualquier \u00edndole? No dude en <span style=\"color: #003366;\"><strong><a style=\"color: #003366;\" href=\"https:\/\/www.motionlaw.com\/es\/contactenos\/\">contactar a Motion Law Immigration<\/a><\/strong><\/span>, programe una Consulta GRATUITA y siga el consejo de nuestros abogados experimentados, quienes podr\u00e1n brindarle acompa\u00f1amiento constante en cada paso del camino.<\/p>\n<h2>\u00bfPor qu\u00e9 el juez a cargo del caso decidi\u00f3 suspender DACA?<\/h2>\n<p>El juez Hanen, del Distrito Sur de Texas, declar\u00f3 que la administraci\u00f3n de Obama no sigui\u00f3 los protocolos regulares a la hora de implementar DACA en el 2012 y, por ende, es un programa ileg\u00edtimo.<\/p>\n<p>De acuerdo con el veredicto del juez de Texas:<\/p>\n<ul>\n<li>Las solicitudes iniciales de DACA no pueden ser aprobadas.<\/li>\n<li>Los Dreamers que ya son recipientes de DACA no son afectados por el veredicto, pero su futuro a\u00fan es incierto.<\/li>\n<\/ul>\n<p>Tambi\u00e9n le puede interesar: <span style=\"color: #003366;\"><a style=\"color: #003366;\" href=\"https:\/\/www.motionlaw.com\/es\/hay-alguna-opcion-viable-para-salvar-a-daca\/\" target=\"_blank\" rel=\"noopener noreferrer\">\u00bfHay Alguna Opci\u00f3n Viable para Salvar a DACA?<\/a><\/span><\/p>\n<p>Para proteger su futuro, es imperativo que siga el consejo de expertos durante su viaje de inmigraci\u00f3n en los Estados Unidos. Por ende, no dude en <span style=\"color: #003366;\"><strong><a style=\"color: #003366;\" href=\"https:\/\/www.motionlaw.com\/es\/contactenos\/\">Contactar a Motion Law Immigration<\/a><\/strong><\/span> y pregunte por su Consulta GRATUITA con nuestros abogados experimentados.<\/p>\n<h2>Dreamers esperan que las acciones de Biden abran un nuevo camino para ellos<\/h2>\n<p>DACA es un beneficio migratorio que actualmente protege a m\u00e1s de 600,000 Dreamers, quienes, gracias a este programa, han tenido la posibilidad de estudiar y trabajar legalmente.<\/p>\n<p>Es imperativo reconocer que los Dreamers llegaron al pa\u00eds cuando eran ni\u00f1os y, por ende, muy seguramente no fue enteramente su decisi\u00f3n cruzar las fronteras sin documentaci\u00f3n legal.<\/p>\n<p>El presidente Biden tiene la firme intenci\u00f3n de abrir un camino a la ciudadan\u00eda para los Dreamers, pero la realidad es que el fallo del juez de Texas representa un gran retroceso para su administraci\u00f3n.<\/p>\n<p>La migraci\u00f3n irregular nunca trae repercusiones positivas y podr\u00eda ser un viaje extremadamente peligroso. Por ende, si necesita ayuda con un caso de inmigraci\u00f3n, es imperativo que siga el consejo de expertos. \u00a1<span style=\"color: #003366;\"><strong><a style=\"color: #003366;\" href=\"https:\/\/www.motionlaw.com\/es\/contactenos\/\">Contacte a Motion Law Immigration<\/a><\/strong><\/span>, programe una Consulta GRATUITA y siga el consejo de nuestros abogados experimentados!<\/p>\n<h2>La reforma migratoria tambi\u00e9n podr\u00eda estar cerca<\/h2>\n<p>Cientos de miles de Dreamers y otras comunidades de inmigrantes a\u00fan tienen la esperanza de que el Congreso apruebe el paquete presupuestario de Biden para el 2022, el cual incluye una <span style=\"color: #003366;\"><a style=\"color: #003366;\" href=\"https:\/\/www.motionlaw.com\/es\/propuesta-de-resolucion-presupuestaria-federal-incluye-la-inmigracion\/\" target=\"_blank\" rel=\"noopener noreferrer\">resoluci\u00f3n de inmigraci\u00f3n<\/a><\/span>.<\/p>\n<p>Esta resoluci\u00f3n de inmigraci\u00f3n propone abrir un camino a la legalizaci\u00f3n para miles de Dreamers, trabajadores agr\u00edcolas indocumentados y otros trabajadores extranjeros esenciales, lo cual impulsar\u00eda la econom\u00eda nacional.<br \/>\nComplete su proceso de inmigraci\u00f3n siguiendo el consejo de expertos. \u00a1<span style=\"color: #003366;\"><strong><a style=\"color: #003366;\" href=\"https:\/\/www.motionlaw.com\/es\/contactenos\/\">Contacte a Motion Law Immigration<\/a><\/strong><\/span> y pregunte por su Consulta GRATUITA con nuestros abogados experimentados!<\/p>\n<h2>\u00a1Estamos aqu\u00ed para guiarlo a trav\u00e9s de su proceso de inmigraci\u00f3n entero!<\/h2>\n<p>Nosotros entendemos que iniciar un proceso de inmigraci\u00f3n requiere dedicaci\u00f3n constante y ayuda de expertos. Nuestro equipo est\u00e1 altamente cualificado para guiarlo a trav\u00e9s de su viaje de inmigraci\u00f3n en los Estados Unidos, no dude en comunicarse con nosotros para una <span style=\"color: #003366;\"><strong><a style=\"color: #003366;\" href=\"https:\/\/www.motionlaw.com\/es\/\">Consulta Telef\u00f3nica GRATUITA<\/a><\/strong><\/span> con uno de nuestros <span style=\"color: #003366;\"><a style=\"color: #003366;\" href=\"https:\/\/www.motionlaw.com\/es\/contactenos\/\">abogados expertos en inmigraci\u00f3n<\/a><\/span>.<\/p>\n<p>Simplemente llame a Motion Law hoy al: <strong>(202) 918-1799.<\/strong><\/p>\n","protected":false},"excerpt":{"rendered":"<p>Biden cumple promesa de apelar la decisi\u00f3n sobre DACA El viernes 10 de septiembre del 2021, el DOJ (Departamento de Justicia) de Biden present\u00f3 un Aviso de Apelaci\u00f3n en la Corte de Apelaciones del Quinto Circuito, pidiendo revertir la decisi\u00f3n del juez federal Andrew Hanen sobre DACA (Acci\u00f3n Diferida para los Llegados en la Infancia).&hellip;<\/p>\n","protected":false},"author":16,"featured_media":17000,"comment_status":"closed","ping_status":"closed","sticky":false,"template":"","format":"standard","meta":{"_monsterinsights_skip_tracking":false,"_monsterinsights_sitenote_active":false,"_monsterinsights_sitenote_note":"","_monsterinsights_sitenote_category":0,"_jetpack_memberships_contains_paid_content":false,"footnotes":""},"categories":[1690,89],"tags":[],"yst_prominent_words":[5973,5974,8287,5972,8359,8424],"class_list":["post-16999","post","type-post","status-publish","format-standard","has-post-thumbnail","hentry","category-ley-de-inmigracion","category-noticias-de-inmigracion"],"jetpack_featured_media_url":"https:\/\/www.motionlaw.com\/wp-content\/uploads\/Administracion-de-Biden-Apela-Decision-de-Juez-de-Suspender-DACA.png","jetpack_shortlink":"https:\/\/wp.me\/p93TlB-4qb","jetpack_sharing_enabled":true,"_links":{"self":[{"href":"https:\/\/www.motionlaw.com\/es\/wp-json\/wp\/v2\/posts\/16999","targetHints":{"allow":["GET"]}}],"collection":[{"href":"https:\/\/www.motionlaw.com\/es\/wp-json\/wp\/v2\/posts"}],"about":[{"href":"https:\/\/www.motionlaw.com\/es\/wp-json\/wp\/v2\/types\/post"}],"author":[{"embeddable":true,"href":"https:\/\/www.motionlaw.com\/es\/wp-json\/wp\/v2\/users\/16"}],"replies":[{"embeddable":true,"href":"https:\/\/www.motionlaw.com\/es\/wp-json\/wp\/v2\/comments?post=16999"}],"version-history":[{"count":1,"href":"https:\/\/www.motionlaw.com\/es\/wp-json\/wp\/v2\/posts\/16999\/revisions"}],"predecessor-version":[{"id":17002,"href":"https:\/\/www.motionlaw.com\/es\/wp-json\/wp\/v2\/posts\/16999\/revisions\/17002"}],"wp:featuredmedia":[{"embeddable":true,"href":"https:\/\/www.motionlaw.com\/es\/wp-json\/wp\/v2\/media\/17000"}],"wp:attachment":[{"href":"https:\/\/www.motionlaw.com\/es\/wp-json\/wp\/v2\/media?parent=16999"}],"wp:term":[{"taxonomy":"category","embeddable":true,"href":"https:\/\/www.motionlaw.com\/es\/wp-json\/wp\/v2\/categories?post=16999"},{"taxonomy":"post_tag","embeddable":true,"href":"https:\/\/www.motionlaw.com\/es\/wp-json\/wp\/v2\/tags?post=16999"},{"taxonomy":"yst_prominent_words","embeddable":true,"href":"https:\/\/www.motionlaw.com\/es\/wp-json\/wp\/v2\/yst_prominent_words?post=16999"}],"curies":[{"name":"wp","href":"https:\/\/api.w.org\/{rel}","templated":true}]}}