{"id":16159,"date":"2021-08-11T18:37:12","date_gmt":"2021-08-11T22:37:12","guid":{"rendered":"https:\/\/www.motionlaw.com\/?p=16159"},"modified":"2021-08-11T18:37:12","modified_gmt":"2021-08-11T22:37:12","slug":"profesionales-comentan-acerca-de-los-inmigrantes-y-el-covid-19","status":"publish","type":"post","link":"https:\/\/www.motionlaw.com\/es\/profesionales-comentan-acerca-de-los-inmigrantes-y-el-covid-19\/","title":{"rendered":"Profesionales Comentan Acerca de los Inmigrantes y el COVID-19"},"content":{"rendered":"<h1><span style=\"color: #161b33;\">\u00bfLa situaci\u00f3n fronteriza est\u00e1 relacionada con el brote de COVID-19?<\/span><\/h1>\n<p>Estados Unidos est\u00e1 enfrentando la oleada de cruces ilegales en las fronteras m\u00e1s alarmante de las \u00faltimas d\u00e9cadas, con cifras de aprehensiones fronterizas realmente altas. Por ende, debido a que la situaci\u00f3n fronteriza empeor\u00f3 justo despu\u00e9s de que el presidente Joe Biden asumiera el cargo, su administraci\u00f3n est\u00e1 enfrentando un reto gigantesco relacionado con la migraci\u00f3n irregular.<\/p>\n<p>Por un lado, los defensores de los inmigrantes y los ciudadanos que apoyaron su campa\u00f1a piden al presidente Biden cumplir sus promesas migratorias y levantar las restricciones fronterizas relacionadas con la pandemia global de Coronavirus, las cuales fueron implementadas por la administraci\u00f3n de Trump. Por otro lado, los grupos de la oposici\u00f3n y varios miembros de gobiernos locales y del Congreso instan a su administraci\u00f3n a implementar pol\u00edticas inclusive m\u00e1s estrictas para frenar la migraci\u00f3n irregular a toda costa y lo antes posible.<\/p>\n<p>Esta presi\u00f3n hacia la administraci\u00f3n de Biden indudablemente ha aumentado durante las \u00faltimas semanas, especialmente porque hay un nuevo brote masivo de Coronavirus que est\u00e1 retrasando la habilidad de los Estados Unidos para superar la crisis sanitaria, a\u00fan m\u00e1s considerando las bajas tasas de vacunaci\u00f3n.<\/p>\n<p>De hecho, recientemente, ciertos miembros Republicanos han declarado abiertamente que los inmigrantes que cruzan las fronteras sin documentaci\u00f3n legal est\u00e1n esparciendo el COVID-19 entre la poblaci\u00f3n estadounidense y que la administraci\u00f3n de Biden le <em>\u201cest\u00e1 abriendo las puertas de los Estados Unidos al virus\u201d<\/em>. Sin embargo, \u00bfqu\u00e9 tan reales y corroborables son estas conjeturas?<\/p>\n<p>\u00bfEst\u00e1 buscando ayuda para su proceso de inmigraci\u00f3n? Esa es indudablemente la mejor decisi\u00f3n que puede tomar para proteger su futuro y nuestro equipo le puede ayudar independientemente de cual sea su caso particular. \u00a1<span style=\"color: #003366;\"><strong><a style=\"color: #003366;\" href=\"https:\/\/www.motionlaw.com\/es\/contactenos\/\">Contacte a Motion Law Immigration<\/a><\/strong><\/span>, programe una Consulta GRATUITA y siga el consejo de nuestros abogados experimentados!<\/p>\n<h2>Expertos comentan acerca de la situaci\u00f3n fronteriza y el COVID-19<\/h2>\n<p>Varios expertos de la salud <span style=\"color: #003366;\"><a style=\"color: #003366;\" href=\"https:\/\/www.npr.org\/2021\/08\/10\/1026178171\/republicans-migrants-covid-19-surges\" target=\"_blank\" rel=\"noopener noreferrer\">comentaron recientemente<\/a><\/span> acerca de los comentarios de los l\u00edderes pol\u00edticos Republicanos con respecto a los inmigrantes y el COVID-19, especialmente acerca de comentarios hechos por el Gobernador de Texas, Greg Abbott, quien ha estado en contra de los ideales migratorios de Biden desde que asumi\u00f3 el cargo.<\/p>\n<p>Por ejemplo, la directora de M\u00e9dicos por los Derechos Humanos declar\u00f3 abiertamente,<em> \u201cEste no es un problema fronterizo; no es un tema migratorio (&#8230;) Solo est\u00e1n tratando de desviar la atenci\u00f3n de las medidas reales que debemos tomar. Pedirles a las personas que usen m\u00e1scaras, y distanciarse socialmente, y cuidar de s\u00ed mismos y de sus seres queridos. Y me desconcierta que, en lugar de tratar de proteger vidas, est\u00e1n intentando crear un chivo expiatorio.\u201d<\/em><\/p>\n<p>Ella y otros l\u00edderes en el sector de la salud piden a los gobiernos locales dejar las batallas pol\u00edticas de lado para proteger a la poblaci\u00f3n estadounidense, evitar la divisi\u00f3n social y la discriminaci\u00f3n y ayudar al pa\u00eds a superar la coyuntura actual en vez de crear m\u00e1s controversia y problemas.<\/p>\n<p>Si est\u00e1 buscando ayuda profesional para un caso de inmigraci\u00f3n de cualquier \u00edndole, \u00a1ya encontr\u00f3 al equipo perfecto para usted! <span style=\"color: #003366;\"><strong><a style=\"color: #003366;\" href=\"https:\/\/www.motionlaw.com\/es\/contactenos\/\">Contacte a Motion Law Immigration<\/a><\/strong><\/span>, programe una Consulta GRATUITA y siga el consejo de nuestros abogados experimentados, quienes han manejado toda clase de procesos de inmigraci\u00f3n y seguramente han ayudado a muchas personas en la misma situaci\u00f3n que usted.<\/p>\n<h2>\u00a1Inicie su viaje de inmigraci\u00f3n de manera segura!<\/h2>\n<p>Nosotros queremos ayudarle a cumplir sus sue\u00f1os en los Estados Unidos a trav\u00e9s del proceso de inmigraci\u00f3n que mejor se acomode a sus necesidades actuales. Por lo tanto, no dude en contactar a Motion Law Immigration, programe una <span style=\"color: #003366;\"><strong><a style=\"color: #003366;\" href=\"https:\/\/www.motionlaw.com\/es\/\">Consulta GRATUITA<\/a><\/strong><\/span> y siga el consejo de nuestros <span style=\"color: #003366;\"><a style=\"color: #003366;\" href=\"https:\/\/www.motionlaw.com\/es\/contactenos\/\">abogados expertos en inmigraci\u00f3n<\/a><\/span>, quienes tienen una vasta experiencia con toda clase de casos de inmigraci\u00f3n y seguramente sabr\u00e1n cu\u00e1l es la mejor alternativa para su caso particular.<\/p>\n<p>Simplemente llame a Motion Law hoy al: <strong>(202) 918-1799.<\/strong><\/p>\n","protected":false},"excerpt":{"rendered":"<p>\u00bfLa situaci\u00f3n fronteriza est\u00e1 relacionada con el brote de COVID-19? Estados Unidos est\u00e1 enfrentando la oleada de cruces ilegales en las fronteras m\u00e1s alarmante de las \u00faltimas d\u00e9cadas, con cifras de aprehensiones fronterizas realmente altas. Por ende, debido a que la situaci\u00f3n fronteriza empeor\u00f3 justo despu\u00e9s de que el presidente Joe Biden asumiera el cargo,&hellip;<\/p>\n","protected":false},"author":16,"featured_media":16160,"comment_status":"closed","ping_status":"closed","sticky":false,"template":"","format":"standard","meta":{"_monsterinsights_skip_tracking":false,"_monsterinsights_sitenote_active":false,"_monsterinsights_sitenote_note":"","_monsterinsights_sitenote_category":0,"_jetpack_memberships_contains_paid_content":false,"footnotes":""},"categories":[8730,87],"tags":[],"yst_prominent_words":[1187,8359,8424],"class_list":["post-16159","post","type-post","status-publish","format-standard","has-post-thumbnail","hentry","category-coronavirus-2","category-inmigracion"],"jetpack_featured_media_url":"https:\/\/www.motionlaw.com\/wp-content\/uploads\/Profesionales-Comentan-Acerca-de-los-Inmigrantes-y-el-COVID-19.png","jetpack_shortlink":"https:\/\/wp.me\/p93TlB-4cD","jetpack_sharing_enabled":true,"_links":{"self":[{"href":"https:\/\/www.motionlaw.com\/es\/wp-json\/wp\/v2\/posts\/16159","targetHints":{"allow":["GET"]}}],"collection":[{"href":"https:\/\/www.motionlaw.com\/es\/wp-json\/wp\/v2\/posts"}],"about":[{"href":"https:\/\/www.motionlaw.com\/es\/wp-json\/wp\/v2\/types\/post"}],"author":[{"embeddable":true,"href":"https:\/\/www.motionlaw.com\/es\/wp-json\/wp\/v2\/users\/16"}],"replies":[{"embeddable":true,"href":"https:\/\/www.motionlaw.com\/es\/wp-json\/wp\/v2\/comments?post=16159"}],"version-history":[{"count":2,"href":"https:\/\/www.motionlaw.com\/es\/wp-json\/wp\/v2\/posts\/16159\/revisions"}],"predecessor-version":[{"id":16163,"href":"https:\/\/www.motionlaw.com\/es\/wp-json\/wp\/v2\/posts\/16159\/revisions\/16163"}],"wp:featuredmedia":[{"embeddable":true,"href":"https:\/\/www.motionlaw.com\/es\/wp-json\/wp\/v2\/media\/16160"}],"wp:attachment":[{"href":"https:\/\/www.motionlaw.com\/es\/wp-json\/wp\/v2\/media?parent=16159"}],"wp:term":[{"taxonomy":"category","embeddable":true,"href":"https:\/\/www.motionlaw.com\/es\/wp-json\/wp\/v2\/categories?post=16159"},{"taxonomy":"post_tag","embeddable":true,"href":"https:\/\/www.motionlaw.com\/es\/wp-json\/wp\/v2\/tags?post=16159"},{"taxonomy":"yst_prominent_words","embeddable":true,"href":"https:\/\/www.motionlaw.com\/es\/wp-json\/wp\/v2\/yst_prominent_words?post=16159"}],"curies":[{"name":"wp","href":"https:\/\/api.w.org\/{rel}","templated":true}]}}