{"id":15687,"date":"2021-07-21T17:25:26","date_gmt":"2021-07-21T21:25:26","guid":{"rendered":"https:\/\/www.motionlaw.com\/?p=15687"},"modified":"2021-07-21T17:25:26","modified_gmt":"2021-07-21T21:25:26","slug":"que-opina-biden-de-su-progreso-sobre-la-inmigracion","status":"publish","type":"post","link":"https:\/\/www.motionlaw.com\/es\/que-opina-biden-de-su-progreso-sobre-la-inmigracion\/","title":{"rendered":"\u00bfQu\u00e9 Opina Biden de su Progreso Sobre la Inmigraci\u00f3n?"},"content":{"rendered":"<h1><span style=\"color: #161b33;\">Primeros seis meses como presidente &#8211; Los avances de Biden sobre la inmigraci\u00f3n<\/span><\/h1>\n<p>En las elecciones presidenciales del 2020, hubo varios puntos esenciales para la poblaci\u00f3n estadounidense a la hora de elegir el siguiente l\u00edder de la naci\u00f3n. Por un lado, claramente, la crisis sanitaria provocada por la pandemia global de Coronavirus y su repercusi\u00f3n sobre la econom\u00eda ha sido una prioridad desde inicios del 2020 y tambi\u00e9n influenci\u00f3 las elecciones. Por otro lado, uno de los sectores m\u00e1s importantes para las elecciones fue la inmigraci\u00f3n, como siempre suele ser.<\/p>\n<p>No obstante, esta vez fue diferente debido a que la administraci\u00f3n del expresidente Donald Trump implement\u00f3 un gran n\u00famero de pol\u00edticas que restringieron y limitaron la inmigraci\u00f3n en los Estados Unidos, tanto legal como ilegal. Por ende, el hecho de que la poblaci\u00f3n estadounidense haya elegido a Joe Biden como el presidente n\u00famero 46 de la naci\u00f3n significa que tambi\u00e9n apoya su postura cuando se trata de la inmigraci\u00f3n, la cual es evidentemente m\u00e1s acogedora que la de Trump.<\/p>\n<p>Desde que el presidente Biden asumi\u00f3 el cargo a finales de enero del 2021, su administraci\u00f3n ha removido m\u00faltiples restricciones de la administraci\u00f3n de Trump, rescindido pol\u00edticas estrictas, expandido ciertos programas migratorios e introducido un proyecto de ley de inmigraci\u00f3n bastante extenso.<\/p>\n<p>A grandes rasgos, la administraci\u00f3n de Biden se ha enfocado en levantar limitaciones sobre programas humanitarios como el asilo pol\u00edtico, los cuales est\u00e1n disponibles para las comunidades de inmigrantes m\u00e1s vulnerables, ha transformado ciertos protocolos de deportaci\u00f3n, ha intensificado las labores humanas dentro del sistema de inmigraci\u00f3n y ha expandido programas de visado para trabajadores extranjeros.<\/p>\n<p>Si quiere conocer a detalle las acciones recientes de Biden sobre la inmigraci\u00f3n: <span style=\"color: #003366;\"><a style=\"color: #003366;\" href=\"https:\/\/www.motionlaw.com\/es\/primeros-seis-meses-de-biden-en-el-cargo-y-la-inmigracion\/\" target=\"_blank\" rel=\"noopener noreferrer\">Primeros Seis Meses de Biden en el Cargo y la Inmigraci\u00f3n<\/a><\/span><\/p>\n<h2>Biden opina acerca del progreso de su administraci\u00f3n sobre la inmigraci\u00f3n<\/h2>\n<p>Uno podr\u00eda decir que la administraci\u00f3n de Biden en efecto ha avanzado a pasos agigantados sobre el sector de la inmigraci\u00f3n al remover pol\u00edticas restrictivas y cambiar lineamientos dentro de las agencias de inmigraci\u00f3n del pa\u00eds.<br \/>\nSin embargo, durante sus primeros seis meses en el cargo, el presidente Biden tambi\u00e9n ha enfrentado un reto gigantesco relacionado con la situaci\u00f3n fronteriza actual. Con esto, hacemos referencia a la oleada de cruces ilegales en las fronteras m\u00e1s grande de las \u00faltimas d\u00e9cadas, con tasas de aprehensiones fronterizas bastante alarmantes.<\/p>\n<p>Esta situaci\u00f3n indudablemente est\u00e1 retrasando y arriesgando los planes migratorios de Biden, quien est\u00e1 intentando promover una reforma migratoria integral en el Congreso para remodelar el sistema de inmigraci\u00f3n desde sus ra\u00edces, pero el cual est\u00e1 actualmente en el limbo debido al alza en los niveles de la inmigraci\u00f3n irregular.<\/p>\n<p>El presidente Biden es completamente consciente de esta situaci\u00f3n y sus posibles repercusiones. De hecho, el martes 20 de julio, durante la <span style=\"color: #003366;\"><a style=\"color: #003366;\" href=\"https:\/\/abcnews.go.com\/Politics\/chipping-ambitious-agenda-biden-marks-months-president\/story?id=78950454\" target=\"_blank\" rel=\"noopener noreferrer\">celebraci\u00f3n de seis meses<\/a><\/span> en el cargo, el presidente Biden declar\u00f3 abiertamente que su equipo a\u00fan est\u00e1 trabajando incansablemente para mejorar la situaci\u00f3n fronteriza. Biden explic\u00f3, <em>\u201cTenemos que abordar el problema de la inmigraci\u00f3n, en el que estamos trabajando muy duro para hacerlo de forma humana y seria\u201d.<\/em><\/p>\n<p>A\u00f1adiendo a eso, la administraci\u00f3n de Biden tambi\u00e9n est\u00e1 sintiendo presi\u00f3n por parte de grupos de activistas y defensores de los derechos de los inmigrantes despu\u00e9s de que un juez federal de Texas <span style=\"color: #003366;\"><a style=\"color: #003366;\" href=\"https:\/\/www.motionlaw.com\/es\/juez-falla-en-contra-daca-un-programa-de-alivio-a-la-deportacion\/\" target=\"_blank\" rel=\"noopener noreferrer\">fallara en contra<\/a><\/span> del programa de DACA (Acci\u00f3n Diferida para los Llegados en la Infancia), el cual protege a miles de j\u00f3venes inmigrantes conocidos como Dreamers de la deportaci\u00f3n.<\/p>\n<h2>\u00a1No espere hasta el \u00faltimo minuto para buscar ayuda profesional!<\/h2>\n<p>Si usted, un familiar o un amigo necesita ayuda con un caso de inmigraci\u00f3n, contacte a Motion Law hoy para programar una <span style=\"color: #003366;\"><strong><a style=\"color: #003366;\" href=\"https:\/\/www.motionlaw.com\/es\/\">Consulta GRATUITA<\/a><\/strong><\/span> con uno de nuestros <span style=\"color: #003366;\"><a style=\"color: #003366;\" href=\"https:\/\/www.motionlaw.com\/es\/contactenos\/\">abogados expertos en inmigraci\u00f3n<\/a><\/span>. Nuestro equipo estar\u00e1 encantado de guiarlo a trav\u00e9s de su viaje de inmigraci\u00f3n en los Estados Unidos.<\/p>\n<p>Comun\u00edquese con Motion Law Immigration hoy mismo al: <strong>(202) 918-1799.<\/strong><\/p>\n","protected":false},"excerpt":{"rendered":"<p>Primeros seis meses como presidente &#8211; Los avances de Biden sobre la inmigraci\u00f3n En las elecciones presidenciales del 2020, hubo varios puntos esenciales para la poblaci\u00f3n estadounidense a la hora de elegir el siguiente l\u00edder de la naci\u00f3n. Por un lado, claramente, la crisis sanitaria provocada por la pandemia global de Coronavirus y su repercusi\u00f3n&hellip;<\/p>\n","protected":false},"author":16,"featured_media":15688,"comment_status":"closed","ping_status":"closed","sticky":false,"template":"","format":"standard","meta":{"_monsterinsights_skip_tracking":false,"_monsterinsights_sitenote_active":false,"_monsterinsights_sitenote_note":"","_monsterinsights_sitenote_category":0,"_jetpack_memberships_contains_paid_content":false,"footnotes":""},"categories":[87,89],"tags":[],"yst_prominent_words":[1251,3422,1166,6713,4723,2276,2467],"class_list":["post-15687","post","type-post","status-publish","format-standard","has-post-thumbnail","hentry","category-inmigracion","category-noticias-de-inmigracion"],"jetpack_featured_media_url":"https:\/\/www.motionlaw.com\/wp-content\/uploads\/\u00bfQue-Opina-Biden-de-su-Progreso-Sobre-la-Inmigracion_.png","jetpack_shortlink":"https:\/\/wp.me\/p93TlB-451","jetpack_sharing_enabled":true,"_links":{"self":[{"href":"https:\/\/www.motionlaw.com\/es\/wp-json\/wp\/v2\/posts\/15687","targetHints":{"allow":["GET"]}}],"collection":[{"href":"https:\/\/www.motionlaw.com\/es\/wp-json\/wp\/v2\/posts"}],"about":[{"href":"https:\/\/www.motionlaw.com\/es\/wp-json\/wp\/v2\/types\/post"}],"author":[{"embeddable":true,"href":"https:\/\/www.motionlaw.com\/es\/wp-json\/wp\/v2\/users\/16"}],"replies":[{"embeddable":true,"href":"https:\/\/www.motionlaw.com\/es\/wp-json\/wp\/v2\/comments?post=15687"}],"version-history":[{"count":2,"href":"https:\/\/www.motionlaw.com\/es\/wp-json\/wp\/v2\/posts\/15687\/revisions"}],"predecessor-version":[{"id":15702,"href":"https:\/\/www.motionlaw.com\/es\/wp-json\/wp\/v2\/posts\/15687\/revisions\/15702"}],"wp:featuredmedia":[{"embeddable":true,"href":"https:\/\/www.motionlaw.com\/es\/wp-json\/wp\/v2\/media\/15688"}],"wp:attachment":[{"href":"https:\/\/www.motionlaw.com\/es\/wp-json\/wp\/v2\/media?parent=15687"}],"wp:term":[{"taxonomy":"category","embeddable":true,"href":"https:\/\/www.motionlaw.com\/es\/wp-json\/wp\/v2\/categories?post=15687"},{"taxonomy":"post_tag","embeddable":true,"href":"https:\/\/www.motionlaw.com\/es\/wp-json\/wp\/v2\/tags?post=15687"},{"taxonomy":"yst_prominent_words","embeddable":true,"href":"https:\/\/www.motionlaw.com\/es\/wp-json\/wp\/v2\/yst_prominent_words?post=15687"}],"curies":[{"name":"wp","href":"https:\/\/api.w.org\/{rel}","templated":true}]}}