{"id":14256,"date":"2021-05-28T17:42:07","date_gmt":"2021-05-28T21:42:07","guid":{"rendered":"https:\/\/www.motionlaw.com\/?p=14256"},"modified":"2021-05-28T17:42:07","modified_gmt":"2021-05-28T21:42:07","slug":"solicitantes-de-asilo-esperan-que-biden-levante-mas-restricciones","status":"publish","type":"post","link":"https:\/\/www.motionlaw.com\/es\/solicitantes-de-asilo-esperan-que-biden-levante-mas-restricciones\/","title":{"rendered":"Solicitantes de Asilo Esperan que Biden Levante M\u00e1s Restricciones"},"content":{"rendered":"<h1><span style=\"color: #161b33;\">El compromiso de Biden con los solicitantes de asilo<\/span><\/h1>\n<p>La administraci\u00f3n de Biden tiene una agenda bastante amplia y extensa cuando se trata de la inmigraci\u00f3n en los Estados Unidos. No obstante, Biden y su equipo est\u00e1n actualmente principalmente enfocados en las comunidades de inmigrantes m\u00e1s vulnerables y la oleada de cruces ilegales en las fronteras, las cuales est\u00e1n, de hecho, conectadas.<\/p>\n<p>La administraci\u00f3n actual de los Estados Unidos le presta especial atenci\u00f3n a los solicitantes de asilo, quienes son inmigrantes que llegan a las fronteras o entran al pa\u00eds para pedir protecci\u00f3n internacional mientras intentan huir de situaciones precarias y riesgosas como la persecuci\u00f3n, la violencia, la hambruna, la guerra, la falta de recursos esenciales, entre otros.<\/p>\n<p>El compromiso del presidente Biden con estas comunidades es particularmente especial, principalmente porque, en su opini\u00f3n, el gobierno federal tiene la obligaci\u00f3n de ofrecer asistencia internacional a las poblaciones vulnerables que m\u00e1s lo necesitan como los solicitantes de asilo, y declara que la administraci\u00f3n de Trump caus\u00f3 bastante da\u00f1o sobre el sistema de inmigraci\u00f3n, lo que empeor\u00f3 la situaci\u00f3n para los inmigrantes.<\/p>\n<p>\u00bfNecesita ayuda con un caso de inmigraci\u00f3n? La mejor recomendaci\u00f3n es que siga el consejo de expertos en temas de inmigraci\u00f3n, quienes est\u00e1n al d\u00eda con las pol\u00edticas locales y podr\u00e1n guiarlo hacia el \u00e9xito de su solicitud. \u00a1<span style=\"color: #003366;\"><strong><a style=\"color: #003366;\" href=\"https:\/\/www.motionlaw.com\/es\/contactenos\/\">Contacte a Motion Law Immigration<\/a><\/strong><\/span>, programe una Consulta GRATUITA y siga el consejo de nuestros abogados experimentados!<\/p>\n<h2>Biden ya levant\u00f3 varias restricciones relacionadas con el proceso de asilo pol\u00edtico<\/h2>\n<p>No es un secreto que la administraci\u00f3n de Biden siempre ha tenido <span style=\"color: #003366;\"><a style=\"color: #003366;\" href=\"https:\/\/www.motionlaw.com\/es\/biden-planea-rescindir-politicas-relacionadas-con-el-asilo-politico\/\" target=\"_blank\" rel=\"noopener noreferrer\">grandes planes<\/a><\/span> para levantar limitaciones implementadas por la administraci\u00f3n previa sobre el proceso de asilo pol\u00edtico. De hecho, su gobierno ya ha removido varias limitaciones relacionadas con el sector de la inmigraci\u00f3n y, espec\u00edficamente, con el asilo pol\u00edtico.<\/p>\n<p>Por ejemplo, una de las primeras acciones de Biden estaba relacionada con el proceso de asilo pol\u00edtico. El presidente actual suspendi\u00f3 las nuevas inscripciones en el programa MPP (Protocolos de Protecci\u00f3n al Migrante) y d\u00edas despu\u00e9s propuso un <span style=\"color: #003366;\"><a style=\"color: #003366;\" href=\"https:\/\/www.motionlaw.com\/es\/gobierno-de-biden-propone-plan-de-reasentamiento-de-asilados\/\" target=\"_blank\" rel=\"noopener noreferrer\">plan de reasentamiento<\/a><\/span> para asistir a los solicitantes de asilo afectados por esta pol\u00edtica.<\/p>\n<p>A grandes rasgos, el MPP, el cual fue implementado oficialmente por la administraci\u00f3n de Trump a inicios del 2019, declaraba que los solicitantes de asilo deb\u00edan esperar en M\u00e9xico hasta recibir una respuesta a sus casos o hasta su audiencia de inmigraci\u00f3n, lo cual puede tomar meses o inclusive m\u00e1s de un a\u00f1o.<\/p>\n<p>Despu\u00e9s de suspender este programa, la administraci\u00f3n de Biden ha permitido el ingreso de cientos de solicitantes de asilo a los Estados Unidos bajo su plan de reasentamiento.<\/p>\n<h2>Solicitantes de asilo instan a la administraci\u00f3n de Biden a levantar m\u00e1s restricciones<\/h2>\n<p>A pesar de que la administraci\u00f3n de Biden ha avanzado a pasos agigantados para reestructurar el sistema de inmigraci\u00f3n local, decenas de solicitantes de asilo <span style=\"color: #003366;\"><a style=\"color: #003366;\" href=\"https:\/\/www.wlbt.com\/2021\/05\/26\/many-wait-uneasily-biden-unwinds-key-trump-asylum-policy\/\" target=\"_blank\" rel=\"noopener noreferrer\">declaran<\/a><\/span> que su futuro en los Estados Unidos a\u00fan est\u00e1 en riesgo si la administraci\u00f3n actual no remueve m\u00e1s restricciones implementadas por el expresidente Trump.<\/p>\n<p>De acuerdo con el testimonio de solicitantes de asilo, la administraci\u00f3n de Biden deber\u00eda tambi\u00e9n contemplar la posibilidad de revisar las solicitudes de asilo negadas bajo la administraci\u00f3n de Trump y escudri\u00f1ar el sistema de inmigraci\u00f3n para encontrar ciertas reglas y pol\u00edticas que estrechan las alternativas y aumentan los requerimientos de elegibilidad para solicitar protecci\u00f3n internacional en los Estados Unidos.<\/p>\n<h2>\u00bfNecesita ayuda con un caso de inmigraci\u00f3n de cualquier \u00edndole?<\/h2>\n<p>Nosotros entendemos que iniciar un proceso de inmigraci\u00f3n requiere dedicaci\u00f3n constante y ayuda de expertos. Nuestro equipo est\u00e1 altamente cualificado para guiarlo a trav\u00e9s de su viaje de inmigraci\u00f3n en los Estados Unidos, no dude en comunicarse con nosotros para una <span style=\"color: #003366;\"><a style=\"color: #003366;\" href=\"https:\/\/www.motionlaw.com\/es\/\"><strong>Consulta Telef\u00f3nica GRATUITA<\/strong><\/a><\/span> con uno de nuestros <span style=\"color: #003366;\"><a style=\"color: #003366;\" href=\"https:\/\/www.motionlaw.com\/es\/contactenos\/\">abogados expertos en inmigraci\u00f3n<\/a><\/span>.<\/p>\n<p>Simplemente llame a Motion Law hoy al: <strong>(202) 918-1799.<\/strong><\/p>\n","protected":false},"excerpt":{"rendered":"<p>El compromiso de Biden con los solicitantes de asilo La administraci\u00f3n de Biden tiene una agenda bastante amplia y extensa cuando se trata de la inmigraci\u00f3n en los Estados Unidos. No obstante, Biden y su equipo est\u00e1n actualmente principalmente enfocados en las comunidades de inmigrantes m\u00e1s vulnerables y la oleada de cruces ilegales en las&hellip;<\/p>\n","protected":false},"author":16,"featured_media":14257,"comment_status":"closed","ping_status":"closed","sticky":false,"template":"","format":"standard","meta":{"_monsterinsights_skip_tracking":false,"_monsterinsights_sitenote_active":false,"_monsterinsights_sitenote_note":"","_monsterinsights_sitenote_category":0,"_jetpack_memberships_contains_paid_content":false,"footnotes":""},"categories":[90],"tags":[],"yst_prominent_words":[5973,4676,4677,8187,8184,7517,1166,4723,2276,5034,832,6044,4678,5972,7978,4672],"class_list":["post-14256","post","type-post","status-publish","format-standard","has-post-thumbnail","hentry","category-asilo-politico"],"jetpack_featured_media_url":"https:\/\/www.motionlaw.com\/wp-content\/uploads\/Solicitantes-de-Asilo-Esperan-que-Biden-Levante-Mas-Restricciones.png","jetpack_shortlink":"https:\/\/wp.me\/p93TlB-3HW","jetpack_sharing_enabled":true,"_links":{"self":[{"href":"https:\/\/www.motionlaw.com\/es\/wp-json\/wp\/v2\/posts\/14256","targetHints":{"allow":["GET"]}}],"collection":[{"href":"https:\/\/www.motionlaw.com\/es\/wp-json\/wp\/v2\/posts"}],"about":[{"href":"https:\/\/www.motionlaw.com\/es\/wp-json\/wp\/v2\/types\/post"}],"author":[{"embeddable":true,"href":"https:\/\/www.motionlaw.com\/es\/wp-json\/wp\/v2\/users\/16"}],"replies":[{"embeddable":true,"href":"https:\/\/www.motionlaw.com\/es\/wp-json\/wp\/v2\/comments?post=14256"}],"version-history":[{"count":1,"href":"https:\/\/www.motionlaw.com\/es\/wp-json\/wp\/v2\/posts\/14256\/revisions"}],"predecessor-version":[{"id":14259,"href":"https:\/\/www.motionlaw.com\/es\/wp-json\/wp\/v2\/posts\/14256\/revisions\/14259"}],"wp:featuredmedia":[{"embeddable":true,"href":"https:\/\/www.motionlaw.com\/es\/wp-json\/wp\/v2\/media\/14257"}],"wp:attachment":[{"href":"https:\/\/www.motionlaw.com\/es\/wp-json\/wp\/v2\/media?parent=14256"}],"wp:term":[{"taxonomy":"category","embeddable":true,"href":"https:\/\/www.motionlaw.com\/es\/wp-json\/wp\/v2\/categories?post=14256"},{"taxonomy":"post_tag","embeddable":true,"href":"https:\/\/www.motionlaw.com\/es\/wp-json\/wp\/v2\/tags?post=14256"},{"taxonomy":"yst_prominent_words","embeddable":true,"href":"https:\/\/www.motionlaw.com\/es\/wp-json\/wp\/v2\/yst_prominent_words?post=14256"}],"curies":[{"name":"wp","href":"https:\/\/api.w.org\/{rel}","templated":true}]}}