{"id":14246,"date":"2021-05-28T15:33:29","date_gmt":"2021-05-28T19:33:29","guid":{"rendered":"https:\/\/www.motionlaw.com\/?p=14246"},"modified":"2021-05-28T15:33:29","modified_gmt":"2021-05-28T19:33:29","slug":"senador-insta-al-congreso-aprobar-la-reforma-migratoria-integral","status":"publish","type":"post","link":"https:\/\/www.motionlaw.com\/es\/senador-insta-al-congreso-aprobar-la-reforma-migratoria-integral\/","title":{"rendered":"Senador Insta al Congreso Aprobar la Reforma Migratoria Integral"},"content":{"rendered":"<h1><span style=\"color: #161b33;\">Senador de California apoya la reforma migratoria integral<\/span><\/h1>\n<p>El primer Senador Latino de California, Alex Padilla, quien reemplaz\u00f3 a la vicepresidenta Kamala Harris, est\u00e1 promoviendo una <span style=\"color: #003366;\"><a style=\"color: #003366;\" href=\"https:\/\/www.capradio.org\/news\/california-state-of-mind-podcast\/2021\/05\/21\/when-it-comes-to-immigration-reform-and-clean-energy-its-personal-for-sen-alex-padilla\/?__cf_chl_jschl_tk__=35df951938a5c57c3eea28f6e28f151c8bad8463-1622225381-0-Aa-bNj50s6_UuVr1E3nxMCcQFjZLZXeohAtnM-6qg2hMJw_J9HDqV1DPt7rRRnC8Z1NOLwfpKUek_LI-JJpcYkzxf_7XGVN2ut9cm2OLwk0Nf0PzpLaIFSo2FQQjUrikYVD2HYu1LKUVYXpFiR4BcnUz50AccXzKMptvRb-XBlCfuZ-xc-DVvP6RTPb7PF4uPCve6CbfQdtv0wV5RGqEjdMRUGbIaI1BSnV9oWiUjtk_ztuSSk1g3dI2QJiVmd96hczqaTUnNlCCo3zzEOHB3rkZChLI_D-3vRmBMeedAVcydfw30uQm-6iOWdmSB7D6PPkgjoRWys8Src43XaPCYMPiO-c1YORaEipA_hTDJAf8qKRPd_qhEFNg1x6K3fsun-iG3ocdcgnuMaXHkjfNM4oWTXOiKlmAgFMO1HwLrPEaUuAxjRItNzx8W1sOTYvHLMquQEvIfXMYnMogxDnZ2mcScCFlKDsDaxMrMRgc_ViKbhSd2h3dOfdZSBX0GuoD-jrTCm6cE39hJy9iT4C146mWTwfDDjz_UwYnb_xG33KX0srLn9nsm2kiLJTkFR-yGsaqiebHC3CLZ3FjVbK0Tnci9Gx9ZMtLXy1iKHqbL2FjOtVMNhFzV9KKUZo8609aUQ\" target=\"_blank\" rel=\"noopener noreferrer\">reforma migratoria<\/a><\/span> integral en el Congreso a pesar de que llevar solo cuatro meses en este cargo. Padilla declara que es el tiempo correcto para remodelar el sistema de inmigraci\u00f3n teniendo en cuenta que los miembros Dem\u00f3cratas est\u00e1n liderando el Congreso (delgada mayor\u00eda) y hay un presidente Dem\u00f3crata liderando la Casa Blanca.<\/p>\n<p>De hecho, para promover la reforma integral, Padilla declara abiertamente que <em>\u201cHay una nueva mayor\u00eda en el Senado de Estados Unidos. Es una mayor\u00eda peque\u00f1a, pero, no obstante, una mayor\u00eda (&#8230;) Es el momento adecuado para lograr un progreso significativo\u201d<\/em>. El Senador Dem\u00f3crata comenta acerca de la importancia de ofrecer un camino a la ciudadan\u00eda a ciertos inmigrantes indocumentados y de llevar a cabo estrategias eficientes para reducir la acumulaci\u00f3n de casos de inmigraci\u00f3n pendientes, el cual es bastante grande.<\/p>\n<p>No es un secreto que actualmente hay varios proyectos de ley de inmigraci\u00f3n bajo revisi\u00f3n del Congreso, incluyendo la propuesta ambiciosa de Biden, la cual, de ser aprobada, transformar\u00eda substancialmente el sistema de inmigraci\u00f3n, la mayor\u00eda de los procesos existentes y el acercamiento de la naci\u00f3n al sector de la inmigraci\u00f3n en general.<\/p>\n<p>Sin embargo, Padilla menciona espec\u00edficamente un proyecto de ley de inmigraci\u00f3n introducido inicialmente en el 2013, el cual, en su opini\u00f3n, podr\u00eda ser un buen inicio para que el Congreso ayude a reestructurar el sistema de inmigraci\u00f3n local.<\/p>\n<p>\u00bfQuiere venir a los Estados Unidos, pero no sabe c\u00f3mo? O, \u00bfnecesita ayuda con un proceso de inmigraci\u00f3n dentro del pa\u00eds? De cualquier manera, nuestro equipo lo puede ayudar. \u00a1<span style=\"color: #003366;\"><a style=\"color: #003366;\" href=\"https:\/\/www.motionlaw.com\/es\/contactenos\/\"><strong>Contacte a Motion Law Immigration<\/strong><\/a><\/span>, programe una Consulta GRATUITA y siga el consejo de nuestros abogados experimentados!<\/p>\n<h2>La inmigraci\u00f3n en el radar del p\u00fablico estadounidense<\/h2>\n<p>El senador Padilla no es el \u00fanico miembro del Congreso que ha enfatizado en la necesidad de reformar el sistema de inmigraci\u00f3n. De hecho, varios de los proyectos de ley de inmigraci\u00f3n que est\u00e1n actualmente bajo revisi\u00f3n han sido introducidos o reintroducidos por miembros de la C\u00e1mara de Representantes de los Estados Unidos.<\/p>\n<p>A\u00f1adiendo a eso, la inmigraci\u00f3n siempre ha sido un tema controversial en los Estados Unidos, pero actualmente est\u00e1 llamando la atenci\u00f3n del p\u00fablico estadounidense m\u00e1s que en otras \u00e9pocas. Esto se debe principalmente a que la inmigraci\u00f3n una prioridad para la administraci\u00f3n actual, encabezada por el presidente Joe Biden, quien asumi\u00f3 el cargo a finales de enero del 2021.<\/p>\n<p>Aparte de eso, el pa\u00eds est\u00e1 enfrentando una oleada de cruces ilegales en las fronteras que tambi\u00e9n se ha convertido en noticia nacional durante los \u00faltimos cuatro meses, desatando una controversia social inclusive m\u00e1s grande alrededor del sector de la inmigraci\u00f3n.<\/p>\n<p>\u00bfNecesita o quiere mantenerse al d\u00eda con las noticias, pol\u00edticas y medidas de inmigraci\u00f3n m\u00e1s recientes? Nuestra <strong><span style=\"color: #003366;\"><a style=\"color: #003366;\" href=\"https:\/\/www.motionlaw.com\/es\/blog\/\">Secci\u00f3n de Blog<\/a><\/span><\/strong> es lo que est\u00e1 buscando, visite nuestra p\u00e1gina web regularmente y conozca acerca de nuestro equipo.<\/p>\n<h2>\u00a1Ahora que la inmigraci\u00f3n es una prioridad, inicie su proceso!<\/h2>\n<p>Es bien sabido que la pandemia global de Coronavirus paus\u00f3 casi completamente la inmigraci\u00f3n alrededor del mundo en el 2020. Por lo tanto, ahora que la situaci\u00f3n est\u00e1 volviendo paulatinamente a la normalidad, y teniendo en cuenta que reformar el sistema de inmigraci\u00f3n es una prioridad para la administraci\u00f3n actual, es indudablemente el mejor momento para iniciar su viaje de inmigraci\u00f3n en los Estados Unidos.<\/p>\n<p>Si tiene alguna pregunta sobre un problema de inmigraci\u00f3n o sobre un caso que pueda tener actualmente en progreso, no dude en comunicarse con nosotros para una <span style=\"color: #003366;\"><strong><a style=\"color: #003366;\" href=\"https:\/\/www.motionlaw.com\/es\/\">Consulta Telef\u00f3nica GRATUITA<\/a><\/strong><\/span> con uno de nuestros <span style=\"color: #003366;\"><a style=\"color: #003366;\" href=\"https:\/\/www.motionlaw.com\/es\/contactenos\/\">abogados expertos en inmigraci\u00f3n.<\/a><\/span><\/p>\n<p>Simplemente llame a Motion Law hoy al: <strong>(202) 918-1799.<\/strong><\/p>\n","protected":false},"excerpt":{"rendered":"<p>Senador de California apoya la reforma migratoria integral El primer Senador Latino de California, Alex Padilla, quien reemplaz\u00f3 a la vicepresidenta Kamala Harris, est\u00e1 promoviendo una reforma migratoria integral en el Congreso a pesar de que llevar solo cuatro meses en este cargo. Padilla declara que es el tiempo correcto para remodelar el sistema de&hellip;<\/p>\n","protected":false},"author":16,"featured_media":14247,"comment_status":"closed","ping_status":"closed","sticky":false,"template":"","format":"standard","meta":{"_monsterinsights_skip_tracking":false,"_monsterinsights_sitenote_active":false,"_monsterinsights_sitenote_note":"","_monsterinsights_sitenote_category":0,"_jetpack_memberships_contains_paid_content":false,"footnotes":""},"categories":[1690,89],"tags":[],"yst_prominent_words":[749,7230,7228,4711,7517,1166,2467,832,6144],"class_list":["post-14246","post","type-post","status-publish","format-standard","has-post-thumbnail","hentry","category-ley-de-inmigracion","category-noticias-de-inmigracion"],"jetpack_featured_media_url":"https:\/\/www.motionlaw.com\/wp-content\/uploads\/Senador-Insta-al-Congreso-Aprobar-la-Reforma-Migratoria-Integral.png","jetpack_shortlink":"https:\/\/wp.me\/p93TlB-3HM","jetpack_sharing_enabled":true,"_links":{"self":[{"href":"https:\/\/www.motionlaw.com\/es\/wp-json\/wp\/v2\/posts\/14246","targetHints":{"allow":["GET"]}}],"collection":[{"href":"https:\/\/www.motionlaw.com\/es\/wp-json\/wp\/v2\/posts"}],"about":[{"href":"https:\/\/www.motionlaw.com\/es\/wp-json\/wp\/v2\/types\/post"}],"author":[{"embeddable":true,"href":"https:\/\/www.motionlaw.com\/es\/wp-json\/wp\/v2\/users\/16"}],"replies":[{"embeddable":true,"href":"https:\/\/www.motionlaw.com\/es\/wp-json\/wp\/v2\/comments?post=14246"}],"version-history":[{"count":1,"href":"https:\/\/www.motionlaw.com\/es\/wp-json\/wp\/v2\/posts\/14246\/revisions"}],"predecessor-version":[{"id":14249,"href":"https:\/\/www.motionlaw.com\/es\/wp-json\/wp\/v2\/posts\/14246\/revisions\/14249"}],"wp:featuredmedia":[{"embeddable":true,"href":"https:\/\/www.motionlaw.com\/es\/wp-json\/wp\/v2\/media\/14247"}],"wp:attachment":[{"href":"https:\/\/www.motionlaw.com\/es\/wp-json\/wp\/v2\/media?parent=14246"}],"wp:term":[{"taxonomy":"category","embeddable":true,"href":"https:\/\/www.motionlaw.com\/es\/wp-json\/wp\/v2\/categories?post=14246"},{"taxonomy":"post_tag","embeddable":true,"href":"https:\/\/www.motionlaw.com\/es\/wp-json\/wp\/v2\/tags?post=14246"},{"taxonomy":"yst_prominent_words","embeddable":true,"href":"https:\/\/www.motionlaw.com\/es\/wp-json\/wp\/v2\/yst_prominent_words?post=14246"}],"curies":[{"name":"wp","href":"https:\/\/api.w.org\/{rel}","templated":true}]}}