{"id":13053,"date":"2021-04-15T17:52:10","date_gmt":"2021-04-15T21:52:10","guid":{"rendered":"https:\/\/www.motionlaw.com\/?p=13053"},"modified":"2021-04-15T17:52:10","modified_gmt":"2021-04-15T21:52:10","slug":"fiscal-general-de-texas-presenta-demanda-judicial-para-reinstaurar-el-mpp","status":"publish","type":"post","link":"https:\/\/www.motionlaw.com\/es\/fiscal-general-de-texas-presenta-demanda-judicial-para-reinstaurar-el-mpp\/","title":{"rendered":"Fiscal General de Texas Presenta Demanda Judicial para Reinstaurar el MPP"},"content":{"rendered":"<h1><span style=\"color: #161b33;\">Biden rescindi\u00f3 la pol\u00edtica del MPP<\/span><\/h1>\n<p>Durante los \u00faltimos cuatro a\u00f1os, el expresidente Trump intent\u00f3 reducir la inmigraci\u00f3n a toda costa, tanto legal como ilegal, argumentando que el flujo masivo de extranjeros se convierte en una carga innecesaria para la econom\u00eda y el gobierno federal. Por lo tanto, muchas de sus pol\u00edticas tambi\u00e9n afectaron a las poblaciones de inmigrantes m\u00e1s vulnerables, incluyendo personas que necesitan protecci\u00f3n internacional urgentemente para huir de la persecuci\u00f3n, la violencia y otras situaciones riesgosas.<\/p>\n<p>Para dar un ejemplo espec\u00edfico, en el 2019, Estados Unidos y M\u00e9xico firmaron un acuerdo llamado MPP (Protocolos de Protecci\u00f3n al Migrante), tambi\u00e9n conocido como <em>\u201cPermanecer en M\u00e9xico\u201d.<\/em> A grandes rasgos, esta pol\u00edtica declara que los solicitantes de asilo que lleguen a las fronteras de los Estados Unidos a trav\u00e9s de M\u00e9xico no pueden entrar al pa\u00eds, sino que deben permanecer en el territorio mexicano hasta recibir una respuesta a sus aplicaciones de inmigraci\u00f3n, lo que puede tomar varios meses o m\u00e1s de un a\u00f1o.<\/p>\n<p>La pol\u00edtica del MPP oblig\u00f3 a miles de solicitantes de asilo a permanecer en M\u00e9xico en situaciones verdaderamente precarias, sin acceso constante a comida, a menudo sin servicios b\u00e1sicos, a la merced de pandillas locales y desastres naturales y sin representaci\u00f3n legal.<\/p>\n<p>Para fortuna de los solicitantes de asilo y otras comunidades vulnerables, la administraci\u00f3n de Biden no est\u00e1 de acuerdo con este tipo de restricciones fronterizas. Por ende, durante sus primeras semanas en el cargo, el presidente Biden removi\u00f3 la pol\u00edtica del MPP suspendiendo nuevas inscripciones en este programa y dio a conocer un <span style=\"color: #003366;\"><a style=\"color: #003366;\" href=\"https:\/\/www.motionlaw.com\/es\/gobierno-de-biden-propone-plan-de-reasentamiento-de-asilados\/\" target=\"_blank\" rel=\"noopener noreferrer\">plan de reasentamiento<\/a><\/span>, el cual ha permitido el ingreso de cientos de solicitantes de asilo a los Estados Unidos durante las \u00faltimas semanas.<\/p>\n<h2>Fiscal General de Texas pide reinstaurar la pol\u00edtica <em>\u201cPermanecer en M\u00e9xico\u201d<\/em><\/h2>\n<p>Naturalmente, no todos los miembros del gobierno aprueban las decisiones de Biden sobre el sistema de inmigraci\u00f3n local. De hecho, toda administraci\u00f3n siempre debe enfrentar grupos de la oposici\u00f3n y una parte de la poblaci\u00f3n que no est\u00e1 de acuerdo con sus ideales, especialmente cuando se trata de un sector tan pol\u00e9mico como la inmigraci\u00f3n.<\/p>\n<p>Por ejemplo, el Fiscal General de Texas, Ken Paxton, no est\u00e1 de acuerdo con los planes de Biden y ya ha presentado tres demandas judiciales en contra de las pol\u00edticas migratorias del presidente actual de los Estados Unidos.<\/p>\n<p>Paxton present\u00f3 la <span style=\"color: #003366;\"><a style=\"color: #003366;\" href=\"https:\/\/www.texasattorneygeneral.gov\/sites\/default\/files\/images\/admin\/2021\/Press\/Complaint.pdf?utm_content=&amp;utm_medium=email&amp;utm_name=&amp;utm_source=govdelivery&amp;utm_term=\" target=\"_blank\" rel=\"noopener noreferrer\">tercera demanda<\/a><\/span> judicial el martes 13 de abril del 2021, argumentando que la manera en la que Biden removi\u00f3 la pol\u00edtica del MPP viola la ley local y que, para proteger a la poblaci\u00f3n estadounidense y el territorio fronterizo, es imperativo re-implementar este programa y prohibir el ingreso de solicitantes de asilo a los Estados Unidos durante su proceso de inmigraci\u00f3n.<\/p>\n<p>En la demanda judicial, la cual tambi\u00e9n es apoyada por el Fiscal General de Missouri, el Fiscal General de Texas declara abiertamente, <em>\u201cEsta demanda cuestiona la declaraci\u00f3n de dos oraciones inexplicables de la Administraci\u00f3n que ponen fin funcionalmente al MPP. El resultado de esta decisi\u00f3n arbitraria y caprichosa ha sido un gran aumento de migrantes centroamericanos.\u201d<\/em><\/p>\n<p>\u00bfNecesita solicitar su documentaci\u00f3n legal en los Estados Unidos? Evite situaciones riesgosas y proteja su futuro en Norteam\u00e9rica siguiendo el consejo de expertos en temas de inmigraci\u00f3n. \u00a1<span style=\"color: #003366;\"><a style=\"color: #003366;\" href=\"https:\/\/www.motionlaw.com\/es\/contactenos\/\" target=\"_blank\" rel=\"noopener noreferrer\">Contacte a Motion Law Immigration<\/a><\/span> y programe una Consulta GRATUITA con nuestros abogados experimentados!<\/p>\n<h2>\u00a1Evite la migraci\u00f3n irregular y siga los par\u00e1metros legales correctamente!<\/h2>\n<p>Nosotros entendemos que iniciar un proceso de inmigraci\u00f3n requiere dedicaci\u00f3n constante y ayuda de expertos. Nuestro equipo est\u00e1 altamente cualificado para guiarlo a trav\u00e9s de su viaje de inmigraci\u00f3n en los Estados Unidos, no dude en comunicarse con nosotros para una <span style=\"color: #003366;\"><a style=\"color: #003366;\" href=\"https:\/\/www.motionlaw.com\/es\/\"><strong>Consulta Telef\u00f3nica GRATUITA<\/strong><\/a><\/span> con uno de nuestros <span style=\"color: #003366;\"><a style=\"color: #003366;\" href=\"https:\/\/www.motionlaw.com\/es\/contactenos\/\">abogados expertos en inmigraci\u00f3n<\/a><\/span>.<\/p>\n<p>Simplemente llame a Motion Law hoy al: <strong>(202) 918-1799.<\/strong><\/p>\n","protected":false},"excerpt":{"rendered":"<p>Biden rescindi\u00f3 la pol\u00edtica del MPP Durante los \u00faltimos cuatro a\u00f1os, el expresidente Trump intent\u00f3 reducir la inmigraci\u00f3n a toda costa, tanto legal como ilegal, argumentando que el flujo masivo de extranjeros se convierte en una carga innecesaria para la econom\u00eda y el gobierno federal. Por lo tanto, muchas de sus pol\u00edticas tambi\u00e9n afectaron a&hellip;<\/p>\n","protected":false},"author":16,"featured_media":13054,"comment_status":"closed","ping_status":"closed","sticky":false,"template":"","format":"standard","meta":{"_monsterinsights_skip_tracking":false,"_monsterinsights_sitenote_active":false,"_monsterinsights_sitenote_note":"","_monsterinsights_sitenote_category":0,"_jetpack_memberships_contains_paid_content":false,"footnotes":""},"categories":[90,89],"tags":[],"yst_prominent_words":[838,4677,7231,1168,8446,8445,832,4678,8447,4672],"class_list":["post-13053","post","type-post","status-publish","format-standard","has-post-thumbnail","hentry","category-asilo-politico","category-noticias-de-inmigracion"],"jetpack_featured_media_url":"https:\/\/www.motionlaw.com\/wp-content\/uploads\/Fiscal-General-de-Texas-Presenta-Demanda-Judicial-para-Reinstaurar-el-MPP.png","jetpack_shortlink":"https:\/\/wp.me\/p93TlB-3ox","jetpack_sharing_enabled":true,"_links":{"self":[{"href":"https:\/\/www.motionlaw.com\/es\/wp-json\/wp\/v2\/posts\/13053","targetHints":{"allow":["GET"]}}],"collection":[{"href":"https:\/\/www.motionlaw.com\/es\/wp-json\/wp\/v2\/posts"}],"about":[{"href":"https:\/\/www.motionlaw.com\/es\/wp-json\/wp\/v2\/types\/post"}],"author":[{"embeddable":true,"href":"https:\/\/www.motionlaw.com\/es\/wp-json\/wp\/v2\/users\/16"}],"replies":[{"embeddable":true,"href":"https:\/\/www.motionlaw.com\/es\/wp-json\/wp\/v2\/comments?post=13053"}],"version-history":[{"count":1,"href":"https:\/\/www.motionlaw.com\/es\/wp-json\/wp\/v2\/posts\/13053\/revisions"}],"predecessor-version":[{"id":13056,"href":"https:\/\/www.motionlaw.com\/es\/wp-json\/wp\/v2\/posts\/13053\/revisions\/13056"}],"wp:featuredmedia":[{"embeddable":true,"href":"https:\/\/www.motionlaw.com\/es\/wp-json\/wp\/v2\/media\/13054"}],"wp:attachment":[{"href":"https:\/\/www.motionlaw.com\/es\/wp-json\/wp\/v2\/media?parent=13053"}],"wp:term":[{"taxonomy":"category","embeddable":true,"href":"https:\/\/www.motionlaw.com\/es\/wp-json\/wp\/v2\/categories?post=13053"},{"taxonomy":"post_tag","embeddable":true,"href":"https:\/\/www.motionlaw.com\/es\/wp-json\/wp\/v2\/tags?post=13053"},{"taxonomy":"yst_prominent_words","embeddable":true,"href":"https:\/\/www.motionlaw.com\/es\/wp-json\/wp\/v2\/yst_prominent_words?post=13053"}],"curies":[{"name":"wp","href":"https:\/\/api.w.org\/{rel}","templated":true}]}}