{"id":12467,"date":"2021-03-24T12:55:40","date_gmt":"2021-03-24T16:55:40","guid":{"rendered":"https:\/\/www.motionlaw.com\/?p=12467"},"modified":"2021-03-24T12:55:40","modified_gmt":"2021-03-24T16:55:40","slug":"amlo-culpa-a-la-administracion-de-biden-por-la-oleada-fronteriza","status":"publish","type":"post","link":"https:\/\/www.motionlaw.com\/es\/amlo-culpa-a-la-administracion-de-biden-por-la-oleada-fronteriza\/","title":{"rendered":"AMLO Culpa a la Administraci\u00f3n de Biden por la Oleada Fronteriza"},"content":{"rendered":"<h1><span style=\"color: #161b33;\">Administraci\u00f3n de Biden enfrenta cr\u00edticas por oleada fronteriza<\/span><\/h1>\n<p>La administraci\u00f3n de Joe Biden est\u00e1 enfrentando una pol\u00e9mica social gigantesca debido a un aumento substancial de aprehensiones en las fronteras de los Estados Unidos. Las fuerzas fronterizas han reportado un n\u00famero creciente de inmigrantes que intentan entrar al pa\u00eds sin autorizaci\u00f3n previa, lo que pone en riesgo los planes migratorios de Biden y podr\u00eda desatar otro brote masivo de Coronavirus en el territorio norteamericano.<\/p>\n<p>La raz\u00f3n por la que la administraci\u00f3n actual de los Estados Unidos ha recibido cr\u00edticas con respecto al aumento de cruces ilegales en las fronteras es porque el presidente Biden tiene una visi\u00f3n bastante acogedora con respecto a la inmigraci\u00f3n y, por ende, los grupos de la oposici\u00f3n culpan a su administraci\u00f3n de incentivar la inmigraci\u00f3n irregular y reducir la vigilancia y la protecci\u00f3n en las fronteras.<\/p>\n<p>Sin embargo, la respuesta de la administraci\u00f3n de Biden con respecto a la situaci\u00f3n fronteriza actual ha sido pronta y ya hay varias estrategias en marcha, las cuales pretenden frenar la inmigraci\u00f3n irregular y enviar un mensaje directo a los extranjeros indocumentados.<\/p>\n<p>Visite nuestra <span style=\"color: #003366;\"><strong><a style=\"color: #003366;\" href=\"https:\/\/www.motionlaw.com\/es\/blog\/\" target=\"_blank\" rel=\"noopener noreferrer\">secci\u00f3n de Blog<\/a><\/strong><\/span> para mantenerse al d\u00eda con las noticias de inmigraci\u00f3n.<\/p>\n<h2>Presidente de M\u00e9xico dice que las promesas de Biden crearon la situaci\u00f3n fronteriza actual<\/h2>\n<p>El martes 23 de marzo del 2021, el presidente Mexicano Andr\u00e9s Manuel L\u00f3pez Obrador, tambi\u00e9n conocido como AMLO, <span style=\"color: #003366;\"><a style=\"color: #003366;\" href=\"https:\/\/www.newsweek.com\/mexicos-president-says-bidens-promise-better-treatment-migrants-causing-border-surge-1578229\" target=\"_blank\" rel=\"noopener noreferrer\">coment\u00f3<\/a><\/span> acerca de la situaci\u00f3n fronteriza actual de los Estados Unidos y declar\u00f3 que las promesas de Biden incentivaron a miles de ciudadanos centroamericanos a migrar hacia Norteam\u00e9rica.<\/p>\n<p>De hecho, AMLO declar\u00f3 abiertamente, <em>\u201cSe gener\u00f3 la expectativa de que con el Gobierno del presidente Biden habr\u00eda un mejor trato a los migrantes. Y esto ha provocado que los migrantes centroamericanos, y tambi\u00e9n de nuestro pa\u00eds, quieran cruzar la frontera pensando que es m\u00e1s f\u00e1cil hacerlo.\u201d<\/em><\/p>\n<p>A\u00f1adiendo a eso, el presidente de M\u00e9xico declar\u00f3 que Estados Unidos deber\u00eda invertir en territorios centroamericanos vulnerables como Guatemala, Honduras y El Salvador para abordar la inmigraci\u00f3n irregular desde su ra\u00edz y mejorar la calidad de vida de los ciudadanos locales.<\/p>\n<h2>Evite la inmigraci\u00f3n irregular y siga el consejo de expertos<\/h2>\n<p>Tratar de cruzar las fronteras de los Estados Unidos sin documentaci\u00f3n legal es un viaje extremadamente peligroso, lo que podr\u00eda poner en riesgo su integridad y el futuro de sus seres amados. Por ende, nosotros le recomendamos que busque ayuda fidedigna a la hora de iniciar su viaje de inmigraci\u00f3n.<\/p>\n<p>Siguiendo el consejo de expertos, usted podr\u00e1 darse cuenta de que el sistema de inmigraci\u00f3n de los Estados Unidos es bastante amplio y hay m\u00faltiples alternativas que podr\u00edan acomodarse a sus necesidades de inmigraci\u00f3n actuales, siempre siguiendo los lineamientos legales.<\/p>\n<p>A\u00f1adiendo a eso, las restricciones fronterizas debido a la pandemia global de Coronavirus a\u00fan est\u00e1n el vigor ya que el riesgo sanitario a\u00fan est\u00e1 presente. Eso significa que la mayor\u00eda de los inmigrantes aprehendidos en las fronteras son devueltos casis inmediatamente al territorio centroamericano. Como resultado, la inmigraci\u00f3n irregular se vuelve simplemente en un viaje peligroso debido a que los extranjeros indocumentados no tienen la posibilidad de entrar a los Estados Unidos en este momento, a menos de que sigan los procesos legales y obtengan su documentaci\u00f3n correctamente.<\/p>\n<p>Por lo tanto, seguir los lineamientos legales es extremadamente importante, inclusive m\u00e1s ahora en tiempos de crisis global. Usted tiene la posibilidad de programar una Consulta Gratuita con nuestro equipo de abogados experimentados, quienes estar\u00e1n felices de guiarlo a trav\u00e9s de su viaje de inmigraci\u00f3n en los Estados Unidos.<\/p>\n<p>Si tiene alguna pregunta sobre un problema de inmigraci\u00f3n o sobre un caso que pueda tener actualmente en progreso, no dude en comunicarse con nosotros para una <span style=\"color: #003366;\"><a style=\"color: #003366;\" href=\"https:\/\/www.motionlaw.com\/es\/\"><strong>Consulta Telef\u00f3nica GRATUITA<\/strong><\/a><\/span> con uno de nuestros <span style=\"color: #003366;\"><a style=\"color: #003366;\" href=\"https:\/\/www.motionlaw.com\/es\/contactenos\/\">abogados expertos en inmigraci\u00f3n<\/a><\/span>.<\/p>\n<p>Simplemente llame a Motion Law hoy al: <strong>(202) 918-1799.<\/strong><\/p>\n","protected":false},"excerpt":{"rendered":"<p>Administraci\u00f3n de Biden enfrenta cr\u00edticas por oleada fronteriza La administraci\u00f3n de Joe Biden est\u00e1 enfrentando una pol\u00e9mica social gigantesca debido a un aumento substancial de aprehensiones en las fronteras de los Estados Unidos. Las fuerzas fronterizas han reportado un n\u00famero creciente de inmigrantes que intentan entrar al pa\u00eds sin autorizaci\u00f3n previa, lo que pone en&hellip;<\/p>\n","protected":false},"author":16,"featured_media":12468,"comment_status":"closed","ping_status":"closed","sticky":false,"template":"","format":"standard","meta":{"_monsterinsights_skip_tracking":false,"_monsterinsights_sitenote_active":false,"_monsterinsights_sitenote_note":"","_monsterinsights_sitenote_category":0,"_jetpack_memberships_contains_paid_content":false,"footnotes":""},"categories":[87,89],"tags":[],"yst_prominent_words":[4544,1588,1227,838,2985,1168,3216,3211,3215,3210,1167,832,6804],"class_list":["post-12467","post","type-post","status-publish","format-standard","has-post-thumbnail","hentry","category-inmigracion","category-noticias-de-inmigracion"],"jetpack_featured_media_url":"https:\/\/www.motionlaw.com\/wp-content\/uploads\/AMLO-Culpa-a-la-Administracion-de-Biden-por-la-Oleada-Fronteriza.png","jetpack_shortlink":"https:\/\/wp.me\/p93TlB-3f5","jetpack_sharing_enabled":true,"_links":{"self":[{"href":"https:\/\/www.motionlaw.com\/es\/wp-json\/wp\/v2\/posts\/12467","targetHints":{"allow":["GET"]}}],"collection":[{"href":"https:\/\/www.motionlaw.com\/es\/wp-json\/wp\/v2\/posts"}],"about":[{"href":"https:\/\/www.motionlaw.com\/es\/wp-json\/wp\/v2\/types\/post"}],"author":[{"embeddable":true,"href":"https:\/\/www.motionlaw.com\/es\/wp-json\/wp\/v2\/users\/16"}],"replies":[{"embeddable":true,"href":"https:\/\/www.motionlaw.com\/es\/wp-json\/wp\/v2\/comments?post=12467"}],"version-history":[{"count":1,"href":"https:\/\/www.motionlaw.com\/es\/wp-json\/wp\/v2\/posts\/12467\/revisions"}],"predecessor-version":[{"id":12470,"href":"https:\/\/www.motionlaw.com\/es\/wp-json\/wp\/v2\/posts\/12467\/revisions\/12470"}],"wp:featuredmedia":[{"embeddable":true,"href":"https:\/\/www.motionlaw.com\/es\/wp-json\/wp\/v2\/media\/12468"}],"wp:attachment":[{"href":"https:\/\/www.motionlaw.com\/es\/wp-json\/wp\/v2\/media?parent=12467"}],"wp:term":[{"taxonomy":"category","embeddable":true,"href":"https:\/\/www.motionlaw.com\/es\/wp-json\/wp\/v2\/categories?post=12467"},{"taxonomy":"post_tag","embeddable":true,"href":"https:\/\/www.motionlaw.com\/es\/wp-json\/wp\/v2\/tags?post=12467"},{"taxonomy":"yst_prominent_words","embeddable":true,"href":"https:\/\/www.motionlaw.com\/es\/wp-json\/wp\/v2\/yst_prominent_words?post=12467"}],"curies":[{"name":"wp","href":"https:\/\/api.w.org\/{rel}","templated":true}]}}