{"id":11700,"date":"2021-02-24T17:30:40","date_gmt":"2021-02-24T22:30:40","guid":{"rendered":"https:\/\/www.motionlaw.com\/?p=11700"},"modified":"2021-02-24T17:30:40","modified_gmt":"2021-02-24T22:30:40","slug":"biden-recibe-criticas-por-reabrir-centro-para-menores-inmigrantes","status":"publish","type":"post","link":"https:\/\/www.motionlaw.com\/es\/biden-recibe-criticas-por-reabrir-centro-para-menores-inmigrantes\/","title":{"rendered":"Biden Recibe Cr\u00edticas por Reabrir Centro para Menores Inmigrantes"},"content":{"rendered":"<h1><span style=\"color: #161b33;\">Biden reabre instalaci\u00f3n para menores de edad inmigrantes sin acompa\u00f1amiento<\/span><\/h1>\n<p>El gobierno de Biden decidi\u00f3 <span style=\"color: #003366;\"><a style=\"color: #003366;\" href=\"https:\/\/www.motionlaw.com\/es\/biden-reabre-instalacion-para-menores-de-edad-inmigrantes-sin-acompanamiento\/\" target=\"_blank\" rel=\"noopener noreferrer\">reabrir un centro<\/a><\/span> para menores de edad inmigrantes, quienes cruzaron las fronteras de los Estados Unidos sin acompa\u00f1amiento y sin documentaci\u00f3n legal. El lunes 22 de febrero, decenas de menores de edad inmigrantes entre 13 y 17 a\u00f1os fueron trasladados a esta instalaci\u00f3n bajo la autorizaci\u00f3n de la administraci\u00f3n actual.<\/p>\n<p>El gobierno de Biden declara que este centro estar\u00e1 abierto solamente durante la emergencia de salud y dejar\u00e1 de funcionar una vez la pandemia global est\u00e9 bajo control y los menores de edad est\u00e9n a salvo del riesgo sanitario. Por ahora, las instalaciones designadas para ni\u00f1os inmigrantes sin acompa\u00f1amiento ya alcanzaron su capacidad m\u00e1xima y enviar m\u00e1s personas a estos centros ser\u00eda poner en riesgo la salud tanto de los empleados federales del HHS (Departamento de Salud y Servicios Humanos) como de los menores de edad albergados all\u00ed.<\/p>\n<p>Por lo tanto, Biden y su equipo declaran que esta es una estrategia para proteger la integridad de los menores de edad inmigrantes sin acompa\u00f1amiento y brindarles apoyo continuo durante su proceso.<\/p>\n<p>Sin embargo, a pesar de los argumentos de la administraci\u00f3n actual de los Estados Unidos, decenas de <span style=\"color: #003366;\"><a style=\"color: #003366;\" href=\"https:\/\/www.motionlaw.com\/es\/contactenos\/\" target=\"_blank\" rel=\"noopener noreferrer\">abogados de inmigraci\u00f3n<\/a><\/span>, grupos de activistas, organizaciones humanitarias y defensores de los derechos de los inmigrantes han alzado su voz en contra de esta decisi\u00f3n. Ellos declaran que este centro est\u00e1 conformado por <em>\u201cjaulas\u201d<\/em> y las condiciones inherentes al lugar podr\u00edan afectar el desarrollo psicol\u00f3gico de los menores de edad inmigrantes.<\/p>\n<p>La mejor decisi\u00f3n a la hora de iniciar un proceso de inmigraci\u00f3n es indudablemente seguir el consejo de abogados experimentados. \u00a1<span style=\"color: #003366;\"><strong><a style=\"color: #003366;\" href=\"https:\/\/www.motionlaw.com\/es\/contactenos\/\" target=\"_blank\" rel=\"noopener noreferrer\">Contacte a Motion Law<\/a><\/strong><\/span> y programe su Consulta Gratuita!<\/p>\n<h2>Cr\u00edticas al gobierno de Biden por reabrir instalaci\u00f3n para menores inmigrantes<\/h2>\n<p>Varios cr\u00edticos y expertos han comentado acerca de la reapertura del centro para adolescentes inmigrantes sin acompa\u00f1amiento bajo la administraci\u00f3n de Biden.<\/p>\n<p>Veamos algunos comentarios:<\/p>\n<ul>\n<li>El gobierno de Biden decor\u00f3 el centro con mariposas, flores y letreros que dicen <em>\u201cBienvenidos.\u201d<\/em> De acuerdo con un <span style=\"color: #003366;\"><a style=\"color: #003366;\" href=\"https:\/\/www.theguardian.com\/commentisfree\/2021\/feb\/24\/biden-is-locking-up-migrant-children-will-the-world-still-care-with-trump-gone\" target=\"_blank\" rel=\"noopener noreferrer\">reporte reciente<\/a><\/span> de The Guardian, <em>\u201cLos ni\u00f1os migrantes sin acompa\u00f1amiento merecen compasi\u00f3n, no detenci\u00f3n (&#8230;) El gobierno de Biden, en cambio, est\u00e1 tratando de vendernos una imagen de un encarcelamiento m\u00e1s amable y gentil (&#8230;) \u00bfTiene la intenci\u00f3n de enga\u00f1arnos para que pensemos que esto es humano?\u201d<\/em><\/li>\n<li>Alexandria Ocasio-Cortez, un miembro de la C\u00e1mara de Representantes de los Estados Unidos, declar\u00f3 a<span style=\"color: #003366;\"><a style=\"color: #003366;\" href=\"https:\/\/twitter.com\/AOC\/status\/1364347891293319173\" target=\"_blank\" rel=\"noopener noreferrer\"> trav\u00e9s de Twitter<\/a><\/span>:<em> \u201cEsto no est\u00e1 bien, nunca ha estado bien, nunca estar\u00e1 bien, sin importar la administraci\u00f3n o el partido (&#8230;) Nuestro sistema de inmigraci\u00f3n se basa en un marco carcelario.\u201d<\/em><\/li>\n<li>Una abogada de inmigraci\u00f3n tambi\u00e9n declar\u00f3 abiertamente: <em>\u201cEs innecesario, es costoso y va absolutamente en contra de todo lo que Biden prometi\u00f3 que iba a hacer (&#8230;) Es un paso hacia atr\u00e1s, eso es. Es un gran paso hacia atr\u00e1s.\u201d<\/em><\/li>\n<\/ul>\n<h2>Secretaria de prensa comenta acerca de la reapertura de centro para menores<\/h2>\n<p>El 23 de febrero, la Secretaria de Prensa de la administraci\u00f3n de Biden, Jen Psaki, coment\u00f3 acerca del centro para menores de edad inmigrantes sin acompa\u00f1amiento y declar\u00f3 que la prioridad para la administraci\u00f3n actual es evitar la deportaci\u00f3n de menores de edad a toda costa.<\/p>\n<p>A\u00f1adiendo a eso, ella tambi\u00e9n declar\u00f3 que los ni\u00f1os inmigrantes a\u00fan est\u00e1n bajo la supervisi\u00f3n de HHS y la reapertura de este centro es una medida de emergencia para proteger la salud de los menores de edad sin acompa\u00f1amiento. Ella aclar\u00f3 que este centro es <em>\u201cuna instalaci\u00f3n de emergencia para agregar capacidad, donde estos ni\u00f1os pueden recibir la atenci\u00f3n que necesitan mientras est\u00e1n a salvo, antes de que sean colocados de manera segura con sus familias y patrocinadores.\u201d<\/em><\/p>\n<h2>\u00bfNecesita ayuda con un caso de inmigraci\u00f3n de cualquier \u00edndole?<\/h2>\n<p>Si tiene alguna pregunta sobre un problema de inmigraci\u00f3n o sobre un caso que pueda tener actualmente en progreso, no dude en comunicarse con nosotros para una <span style=\"color: #003366;\"><a style=\"color: #003366;\" href=\"https:\/\/www.motionlaw.com\/es\/\"><strong>Consulta Telef\u00f3nica GRATUITA<\/strong><\/a><\/span> con uno de nuestros <span style=\"color: #003366;\"><a style=\"color: #003366;\" href=\"https:\/\/www.motionlaw.com\/es\/contactenos\/\">abogados expertos en inmigraci\u00f3n<\/a><\/span>.<\/p>\n<p>Simplemente llame a Motion Law hoy al: <strong>(202) 918-1799.<\/strong><\/p>\n","protected":false},"excerpt":{"rendered":"<p>Biden reabre instalaci\u00f3n para menores de edad inmigrantes sin acompa\u00f1amiento El gobierno de Biden decidi\u00f3 reabrir un centro para menores de edad inmigrantes, quienes cruzaron las fronteras de los Estados Unidos sin acompa\u00f1amiento y sin documentaci\u00f3n legal. El lunes 22 de febrero, decenas de menores de edad inmigrantes entre 13 y 17 a\u00f1os fueron trasladados&hellip;<\/p>\n","protected":false},"author":16,"featured_media":11701,"comment_status":"closed","ping_status":"closed","sticky":false,"template":"","format":"standard","meta":{"_monsterinsights_skip_tracking":false,"_monsterinsights_sitenote_active":false,"_monsterinsights_sitenote_note":"","_monsterinsights_sitenote_category":0,"_jetpack_memberships_contains_paid_content":false,"footnotes":""},"categories":[89],"tags":[],"yst_prominent_words":[2892,7026,8388,7807,1588,838,2889,3067,8389,2880,2883,2881,2876,7024,7806],"class_list":["post-11700","post","type-post","status-publish","format-standard","has-post-thumbnail","hentry","category-noticias-de-inmigracion"],"jetpack_featured_media_url":"https:\/\/www.motionlaw.com\/wp-content\/uploads\/Biden-Recibe-Criticas-por-Reabrir-Centro-para-Menores-Inmigrantes.png","jetpack_shortlink":"https:\/\/wp.me\/p93TlB-32I","jetpack_sharing_enabled":true,"_links":{"self":[{"href":"https:\/\/www.motionlaw.com\/es\/wp-json\/wp\/v2\/posts\/11700","targetHints":{"allow":["GET"]}}],"collection":[{"href":"https:\/\/www.motionlaw.com\/es\/wp-json\/wp\/v2\/posts"}],"about":[{"href":"https:\/\/www.motionlaw.com\/es\/wp-json\/wp\/v2\/types\/post"}],"author":[{"embeddable":true,"href":"https:\/\/www.motionlaw.com\/es\/wp-json\/wp\/v2\/users\/16"}],"replies":[{"embeddable":true,"href":"https:\/\/www.motionlaw.com\/es\/wp-json\/wp\/v2\/comments?post=11700"}],"version-history":[{"count":1,"href":"https:\/\/www.motionlaw.com\/es\/wp-json\/wp\/v2\/posts\/11700\/revisions"}],"predecessor-version":[{"id":11703,"href":"https:\/\/www.motionlaw.com\/es\/wp-json\/wp\/v2\/posts\/11700\/revisions\/11703"}],"wp:featuredmedia":[{"embeddable":true,"href":"https:\/\/www.motionlaw.com\/es\/wp-json\/wp\/v2\/media\/11701"}],"wp:attachment":[{"href":"https:\/\/www.motionlaw.com\/es\/wp-json\/wp\/v2\/media?parent=11700"}],"wp:term":[{"taxonomy":"category","embeddable":true,"href":"https:\/\/www.motionlaw.com\/es\/wp-json\/wp\/v2\/categories?post=11700"},{"taxonomy":"post_tag","embeddable":true,"href":"https:\/\/www.motionlaw.com\/es\/wp-json\/wp\/v2\/tags?post=11700"},{"taxonomy":"yst_prominent_words","embeddable":true,"href":"https:\/\/www.motionlaw.com\/es\/wp-json\/wp\/v2\/yst_prominent_words?post=11700"}],"curies":[{"name":"wp","href":"https:\/\/api.w.org\/{rel}","templated":true}]}}