{"id":11692,"date":"2021-02-24T16:08:28","date_gmt":"2021-02-24T21:08:28","guid":{"rendered":"https:\/\/www.motionlaw.com\/?p=11692"},"modified":"2021-02-24T17:47:29","modified_gmt":"2021-02-24T22:47:29","slug":"biden-reabre-instalacion-para-menores-de-edad-inmigrantes-sin-acompanamiento","status":"publish","type":"post","link":"https:\/\/www.motionlaw.com\/es\/biden-reabre-instalacion-para-menores-de-edad-inmigrantes-sin-acompanamiento\/","title":{"rendered":"Biden Reabre Instalaci\u00f3n Para Menores de Edad Inmigrantes sin Acompa\u00f1amiento"},"content":{"rendered":"<h1><span style=\"color: #161b33;\">Biden reabre centro de detenci\u00f3n de menores de edad inmigrantes<\/span><\/h1>\n<p>La ley de los Estados Unidos tiene una estructura bastante protectora cuando se trata de menores de edad inmigrantes debido a que ellos suelen ser v\u00edctimas de abuso, violencia, trata de blancas, secuestro, entre otros. Por ende, cuando las fuerzas fronterizas encuentran menores de edad inmigrantes sin acompa\u00f1amiento intentando cruzar las fronteras sin documentaci\u00f3n legal, ellos deben quedar bajo la custodia de la ORR (Oficina de Reasentamiento de Refugiados), una rama del HHS (Departamento de Salud y Servicios Humanos) y no deber\u00edan ser retenidos en ninguna otra instalaci\u00f3n.<\/p>\n<p>En el 2019, el gobierno de Trump abri\u00f3 un centro para adolescentes inmigrantes sin acompa\u00f1amiento, el cual estuvo abierto solo un mes y gener\u00f3 una controversial social gigantesca. Ahora, dos a\u00f1os despu\u00e9s, el gobierno de Biden <span style=\"color: #003366;\"><a style=\"color: #003366;\" href=\"https:\/\/www.washingtonpost.com\/national\/immigrant-children-camp-texas-biden\/2021\/02\/22\/05dfd58c-7533-11eb-8115-9ad5e9c02117_story.html?utm_campaign=wp_main&amp;utm_source=twitter&amp;utm_medium=social\" target=\"_blank\" rel=\"noopener noreferrer\">reabri\u00f3 esta instalaci\u00f3n<\/a><\/span> localizada Carrizo Springs, Texas. Por ahora, este centro tiene la capacidad de albergar <em>\u00abhasta 700 ni\u00f1os de 13 a 17 a\u00f1os.\u00bb<\/em><\/p>\n<p>El presidente actual de los Estados Unidos siempre ha enfatizado en la necesidad de mejorar el sistema de inmigraci\u00f3n y proteger la integridad de las poblaciones vulnerables, por lo que la reapertura de este centro est\u00e1 desatando una creciente controversia entre activistas y defensores de los derechos de los inmigrantes, quienes declaran que detener menores de edad contradice las propuestas de la administraci\u00f3n actual y los valores de los Estados Unidos.<\/p>\n<p>Sin embargo, el gobierno de Biden declara que este centro est\u00e1 supervisado por HHS, la entidad encargada de velar por el bienestar de los menores de edad inmigrantes. A\u00f1adiendo a eso, la administraci\u00f3n actual asegura que la reapertura de esta instalaci\u00f3n es meramente una medida de emergencia en medio de la pandemia global debido a que las instalaciones para menores inmigrantes ya alcanzaron su m\u00e1xima capacidad y el n\u00famero de menores de edad sin acompa\u00f1amiento que cruzan las fronteras est\u00e1 aumentando desproporcionadamente.<\/p>\n<p>\u00bfNecesita ayuda con un <span style=\"color: #003366;\"><strong><a style=\"color: #003366;\" href=\"https:\/\/www.motionlaw.com\/es\/areas-de-practica\/deportacion\/\" target=\"_blank\" rel=\"noopener noreferrer\">Caso de Deportaci\u00f3n<\/a><\/strong><\/span>? Nuestro equipo puede ayudarle.<\/p>\n<h2>Administraci\u00f3n previa recibi\u00f3 innumerables cr\u00edticas por detener grandes n\u00fameros de inmigrantes<\/h2>\n<p>Muchas de las opiniones, propuestas y acciones del expresidente Trump desataron una controversia social gigantesca entre la poblaci\u00f3n estadounidense, los grupos de oposici\u00f3n y miembros del gobierno. La inmigraci\u00f3n fue uno de esos sectores que llam\u00f3 la atenci\u00f3n constante del p\u00fablico durante los \u00faltimos cuatro a\u00f1os.<\/p>\n<p>De hecho, la inmigraci\u00f3n de por s\u00ed siempre ha sido un tema pol\u00e9mico en los Estados Unidos, principalmente porque el flujo de inmigrantes suele ser bastante alto debido a que el pa\u00eds ofrece una amplia variedad de alternativas para los extranjeros y oportunidades para encontrar estabilidad laboral y econ\u00f3mica, lo cual no ocurre en otros pa\u00edses.<\/p>\n<p>Sin embargo, las propuestas e ideales de Trump con respecto a la inmigraci\u00f3n avivaron la controversia ya que aumentaron la divisi\u00f3n entre las comunidades que apoyan medidas y regulaciones m\u00e1s estrictas sobre la inmigraci\u00f3n, y las comunidades que apoyan los ideales m\u00e1s acogedores, justos y humanos sobre la inmigraci\u00f3n.<\/p>\n<p>Uno de los aspectos que m\u00e1s gener\u00f3 incertidumbre y dudas durante los \u00faltimos cuatro a\u00f1os fue la manera en la que la administraci\u00f3n de Trump se acerc\u00f3 a la inmigraci\u00f3n irregular. De acuerdo con la opini\u00f3n del expresidente, los inmigrantes que cruzan las fronteras sin autorizaci\u00f3n previa est\u00e1n violando la ley local y, por lo tanto, no deber\u00edan tener oportunidades para residir legalmente en los Estados Unidos.<\/p>\n<p>Como resultado, las cifras de detenci\u00f3n y deportaci\u00f3n de inmigrantes indocumentados aumentaron considerablemente durante el t\u00e9rmino de Trump, inclusive en medio de la crisis sanitaria provocada por la pandemia global de Coronavirus. De hecho, las instalaciones de ICE (Inmigraci\u00f3n y Control de Aduanas) colmaron su capacidad m\u00e1xima y el gobierno de Trump tuvo que firmar contratos con empresas privadas de prisiones para detener extranjeros indocumentados.<\/p>\n<p>Por lo tanto, el hecho de que la administraci\u00f3n de Biden est\u00e9 utilizando recursos de la administraci\u00f3n previa es un asunto alarmante para activistas y defensores de los inmigrantes.<\/p>\n<h2>\u00a1Conozca las opciones disponibles para su caso particular!<\/h2>\n<p>Nosotros entendemos que iniciar un proceso de inmigraci\u00f3n requiere dedicaci\u00f3n constante y ayuda de expertos. Nuestro equipo est\u00e1 altamente cualificado para guiarlo a trav\u00e9s de su viaje de inmigraci\u00f3n en los Estados Unidos, no dude en comunicarse con nosotros para una <span style=\"color: #003366;\"><a style=\"color: #003366;\" href=\"https:\/\/www.motionlaw.com\/es\/\"><strong>Consulta Telef\u00f3nica GRATUITA<\/strong><\/a><\/span> con uno de nuestros <span style=\"color: #003366;\"><a style=\"color: #003366;\" href=\"https:\/\/www.motionlaw.com\/es\/contactenos\/\">abogados expertos en inmigraci\u00f3n<\/a><\/span>.<\/p>\n<p>Simplemente llame a Motion Law hoy al: <strong>(202) 918-1799.<\/strong><\/p>\n","protected":false},"excerpt":{"rendered":"<p>Biden reabre centro de detenci\u00f3n de menores de edad inmigrantes La ley de los Estados Unidos tiene una estructura bastante protectora cuando se trata de menores de edad inmigrantes debido a que ellos suelen ser v\u00edctimas de abuso, violencia, trata de blancas, secuestro, entre otros. Por ende, cuando las fuerzas fronterizas encuentran menores de edad&hellip;<\/p>\n","protected":false},"author":16,"featured_media":11693,"comment_status":"closed","ping_status":"closed","sticky":false,"template":"","format":"standard","meta":{"_monsterinsights_skip_tracking":false,"_monsterinsights_sitenote_active":false,"_monsterinsights_sitenote_note":"","_monsterinsights_sitenote_category":0,"_jetpack_memberships_contains_paid_content":false,"footnotes":""},"categories":[89],"tags":[],"yst_prominent_words":[7026,1588,838,7561,2689,2469,1166,4576,832,2876,7024,6207],"class_list":["post-11692","post","type-post","status-publish","format-standard","has-post-thumbnail","hentry","category-noticias-de-inmigracion"],"jetpack_featured_media_url":"https:\/\/www.motionlaw.com\/wp-content\/uploads\/Biden-Reabre-Instalacion-Para-Menores-de-Edad-Inmigrantes-sin-Acompanamiento.png","jetpack_shortlink":"https:\/\/wp.me\/p93TlB-32A","jetpack_sharing_enabled":true,"_links":{"self":[{"href":"https:\/\/www.motionlaw.com\/es\/wp-json\/wp\/v2\/posts\/11692","targetHints":{"allow":["GET"]}}],"collection":[{"href":"https:\/\/www.motionlaw.com\/es\/wp-json\/wp\/v2\/posts"}],"about":[{"href":"https:\/\/www.motionlaw.com\/es\/wp-json\/wp\/v2\/types\/post"}],"author":[{"embeddable":true,"href":"https:\/\/www.motionlaw.com\/es\/wp-json\/wp\/v2\/users\/16"}],"replies":[{"embeddable":true,"href":"https:\/\/www.motionlaw.com\/es\/wp-json\/wp\/v2\/comments?post=11692"}],"version-history":[{"count":2,"href":"https:\/\/www.motionlaw.com\/es\/wp-json\/wp\/v2\/posts\/11692\/revisions"}],"predecessor-version":[{"id":11711,"href":"https:\/\/www.motionlaw.com\/es\/wp-json\/wp\/v2\/posts\/11692\/revisions\/11711"}],"wp:featuredmedia":[{"embeddable":true,"href":"https:\/\/www.motionlaw.com\/es\/wp-json\/wp\/v2\/media\/11693"}],"wp:attachment":[{"href":"https:\/\/www.motionlaw.com\/es\/wp-json\/wp\/v2\/media?parent=11692"}],"wp:term":[{"taxonomy":"category","embeddable":true,"href":"https:\/\/www.motionlaw.com\/es\/wp-json\/wp\/v2\/categories?post=11692"},{"taxonomy":"post_tag","embeddable":true,"href":"https:\/\/www.motionlaw.com\/es\/wp-json\/wp\/v2\/tags?post=11692"},{"taxonomy":"yst_prominent_words","embeddable":true,"href":"https:\/\/www.motionlaw.com\/es\/wp-json\/wp\/v2\/yst_prominent_words?post=11692"}],"curies":[{"name":"wp","href":"https:\/\/api.w.org\/{rel}","templated":true}]}}