{"id":11204,"date":"2021-02-03T18:00:15","date_gmt":"2021-02-03T23:00:15","guid":{"rendered":"https:\/\/www.motionlaw.com\/?p=11204"},"modified":"2021-02-03T18:00:15","modified_gmt":"2021-02-03T23:00:15","slug":"orden-ejecutiva-para-reunificar-familias-de-inmigrantes","status":"publish","type":"post","link":"https:\/\/www.motionlaw.com\/es\/orden-ejecutiva-para-reunificar-familias-de-inmigrantes\/","title":{"rendered":"Orden Ejecutiva para Reunificar Familias de Inmigrantes"},"content":{"rendered":"<h1><span style=\"color: #161b33;\">Pol\u00edticas migratorias llevaron a la separaci\u00f3n de familias en las fronteras<\/span><\/h1>\n<p>Reducir la inmigraci\u00f3n siempre fue una prioridad para la administraci\u00f3n de Trump, al igual que mejorar el sistema de inmigraci\u00f3n es una prioridad para la administraci\u00f3n actual de los Estados Unidos, encabezada por el presidente Joe Biden, el candidato Dem\u00f3crata que asumi\u00f3 el cargo hace dos semanas (20 de enero del 2021).<\/p>\n<p>Para lograr la meta de reducir la inmigraci\u00f3n, tanto legal como ilegal, el gobierno de Trump implement\u00f3 cientos de cambios sobre las pol\u00edticas migratorias y aument\u00f3 substancialmente las restricciones y los requerimientos en procesos migratorios de todo tipo, desde alternativas humanitarias para poblaciones vulnerables, hasta programas para trabajadores extranjeros o estudiantes internacionales.<\/p>\n<p>Las pol\u00edticas que m\u00e1s llamaron la atenci\u00f3n de la poblaci\u00f3n estadounidense, especialmente grupos de activistas y defensores de los derechos de los inmigrantes, fueron aquellas cuyas repercusiones afectaron a las comunidades de inmigrantes que necesitan protecci\u00f3n internacional como los solicitantes de asilo y refugiados, quienes huyen de la persecuci\u00f3n, el peligro, el abuso y la violencia.<\/p>\n<p>Para dar un ejemplo espec\u00edfico, la <em>\u201cPol\u00edtica de Tolerancia Cero\u201d<\/em> de Trump conllev\u00f3 a la separaci\u00f3n de miles de menores de edad inmigrantes de sus parientes, quienes deb\u00edan enfrentar enjuiciamiento criminal bajo esta pol\u00edtica por violar la ley de inmigraci\u00f3n local. Esta pol\u00edtica desat\u00f3 una controversia social gigantesca y estuvo vigente menos de dos a\u00f1os debido a la pronta reacci\u00f3n de grupos de activistas.<\/p>\n<p>\u00bfNecesita ayuda con un <span style=\"color: #003366;\"><strong><a style=\"color: #003366;\" href=\"https:\/\/www.motionlaw.com\/es\/areas-de-practica\/inmigracion-familiar\/\" target=\"_blank\" rel=\"noopener noreferrer\">Caso de Inmigraci\u00f3n Familiar<\/a><\/strong><\/span>? Nuestro equipo puede ayudarle.<\/p>\n<h2>Presidente Biden emite orden ejecutiva para reunificar familias inmigrantes<\/h2>\n<p>El martes 2 de febrero del 2021, el <span style=\"color: #003366;\"><a style=\"color: #003366;\" href=\"https:\/\/www.whitehouse.gov\/briefing-room\/presidential-actions\/2021\/02\/02\/executive-order-on-the-establishment-of-interagency-task-force-on-the-reunification-of-families\/\" target=\"_blank\" rel=\"noopener noreferrer\">presidente actual de los Estados Unidos emiti\u00f3<\/a><\/span> la <em>\u201cOrden Ejecutiva sobre el Establecimiento de un Grupo de Trabajo Interinstitucional sobre la Reunificaci\u00f3n de Familias,\u201d<\/em> la cual delinea un plan de acci\u00f3n para reparar el da\u00f1o provocado por pol\u00edticas como<em> \u201cTolerancia Cero\u201d<\/em> sobre las familias de inmigrantes separadas en las fronteras.<\/p>\n<p>El presidente Biden declara que reunificar a las familias de inmigrantes separadas, respetar su integridad e implementar pol\u00edticas que las mantengan unidas es una prioridad para su administraci\u00f3n. De hecho, el presidente declara: <em>\u201cMi Administraci\u00f3n proteger\u00e1 la unidad familiar y se asegurar\u00e1 de que los ni\u00f1os que ingresan a los Estados Unidos no sean separados de sus familias.\u201d<\/em><\/p>\n<p>A\u00f1adiendo a eso, el presidente Biden ordena a su equipo de trabajo, incluyendo a miembros del DHS (Departamento de Seguridad Nacional) y HHS (Departamento de Salud y Servicios Humanos), establecer una estrategia para, entre otras cosas:<\/p>\n<ul>\n<li>Identificar a los menores de edad que fueron separados de sus parientes en las fronteras de los Estados Unidos entre el 2017 y el 2021.<\/li>\n<li>Utilizar todas las herramientas y recursos a su disposici\u00f3n para localizar a los parientes de cientos de menores de edad que no los han podido encontrar y garantizar, en la medida de lo posible, la reunificaci\u00f3n familiar.<\/li>\n<li>En caso de ser necesario, proveer servicios adicionales como asistencia m\u00e9dica o de salud mental.<\/li>\n<li>Reportar peri\u00f3dicamente al presidente Biden acerca de los avances y actualizaciones en el proyecto de reunificaci\u00f3n familiar.<\/li>\n<\/ul>\n<p>Con este plan de acci\u00f3n, el gobierno de Biden planea reparar los da\u00f1os causados por las pol\u00edticas restrictivas de Trump, aunque hay secuelas que podr\u00edan durar de por vida y afectar el desarrollo y crecimiento de los menores de edad.<\/p>\n<p><span style=\"color: #003366;\"><strong><a style=\"color: #003366;\" href=\"https:\/\/www.motionlaw.com\/es\/blog\/\" target=\"_blank\" rel=\"noopener noreferrer\">Visite nuestra secci\u00f3n de Blog<\/a><\/strong><\/span> para mantenerse al d\u00eda con las noticias de inmigraci\u00f3n m\u00e1s recientes.<\/p>\n<h2>\u00a1Evite situaciones precarias, siga los lineamientos legales!<\/h2>\n<p>Si tiene alguna pregunta sobre un problema de inmigraci\u00f3n o sobre un caso que pueda tener actualmente en progreso, no dude en comunicarse con nosotros para una <span style=\"color: #003366;\"><a style=\"color: #003366;\" href=\"https:\/\/www.motionlaw.com\/es\/\"><strong>Consulta Telef\u00f3nica GRATUITA<\/strong><\/a><\/span> con uno de nuestros <span style=\"color: #003366;\"><a style=\"color: #003366;\" href=\"https:\/\/www.motionlaw.com\/es\/contactenos\/\">abogados expertos en inmigraci\u00f3n<\/a><\/span>.<\/p>\n<p>Simplemente llame a Motion Law hoy al: <strong>(202) 918-1799.<\/strong><\/p>\n","protected":false},"excerpt":{"rendered":"<p>Pol\u00edticas migratorias llevaron a la separaci\u00f3n de familias en las fronteras Reducir la inmigraci\u00f3n siempre fue una prioridad para la administraci\u00f3n de Trump, al igual que mejorar el sistema de inmigraci\u00f3n es una prioridad para la administraci\u00f3n actual de los Estados Unidos, encabezada por el presidente Joe Biden, el candidato Dem\u00f3crata que asumi\u00f3 el cargo&hellip;<\/p>\n","protected":false},"author":16,"featured_media":11205,"comment_status":"closed","ping_status":"closed","sticky":false,"template":"","format":"standard","meta":{"_monsterinsights_skip_tracking":false,"_monsterinsights_sitenote_active":false,"_monsterinsights_sitenote_note":"","_monsterinsights_sitenote_category":0,"_jetpack_memberships_contains_paid_content":false,"footnotes":""},"categories":[8729,89],"tags":[],"yst_prominent_words":[4546,4544,749,1588,1227,838,7561,2985,832,2883,2876,3665],"class_list":["post-11204","post","type-post","status-publish","format-standard","has-post-thumbnail","hentry","category-inmigracion-familiar","category-noticias-de-inmigracion"],"jetpack_featured_media_url":"https:\/\/www.motionlaw.com\/wp-content\/uploads\/Orden-Ejecutiva-para-Reunificar-Familias-de-Inmigrantes.png","jetpack_shortlink":"https:\/\/wp.me\/p93TlB-2UI","jetpack_sharing_enabled":true,"_links":{"self":[{"href":"https:\/\/www.motionlaw.com\/es\/wp-json\/wp\/v2\/posts\/11204","targetHints":{"allow":["GET"]}}],"collection":[{"href":"https:\/\/www.motionlaw.com\/es\/wp-json\/wp\/v2\/posts"}],"about":[{"href":"https:\/\/www.motionlaw.com\/es\/wp-json\/wp\/v2\/types\/post"}],"author":[{"embeddable":true,"href":"https:\/\/www.motionlaw.com\/es\/wp-json\/wp\/v2\/users\/16"}],"replies":[{"embeddable":true,"href":"https:\/\/www.motionlaw.com\/es\/wp-json\/wp\/v2\/comments?post=11204"}],"version-history":[{"count":1,"href":"https:\/\/www.motionlaw.com\/es\/wp-json\/wp\/v2\/posts\/11204\/revisions"}],"predecessor-version":[{"id":11207,"href":"https:\/\/www.motionlaw.com\/es\/wp-json\/wp\/v2\/posts\/11204\/revisions\/11207"}],"wp:featuredmedia":[{"embeddable":true,"href":"https:\/\/www.motionlaw.com\/es\/wp-json\/wp\/v2\/media\/11205"}],"wp:attachment":[{"href":"https:\/\/www.motionlaw.com\/es\/wp-json\/wp\/v2\/media?parent=11204"}],"wp:term":[{"taxonomy":"category","embeddable":true,"href":"https:\/\/www.motionlaw.com\/es\/wp-json\/wp\/v2\/categories?post=11204"},{"taxonomy":"post_tag","embeddable":true,"href":"https:\/\/www.motionlaw.com\/es\/wp-json\/wp\/v2\/tags?post=11204"},{"taxonomy":"yst_prominent_words","embeddable":true,"href":"https:\/\/www.motionlaw.com\/es\/wp-json\/wp\/v2\/yst_prominent_words?post=11204"}],"curies":[{"name":"wp","href":"https:\/\/api.w.org\/{rel}","templated":true}]}}