{"id":11196,"date":"2021-02-03T14:00:58","date_gmt":"2021-02-03T19:00:58","guid":{"rendered":"https:\/\/www.motionlaw.com\/?p=11196"},"modified":"2021-02-03T14:00:58","modified_gmt":"2021-02-03T19:00:58","slug":"presidente-biden-comenta-acerca-de-la-inmigracion","status":"publish","type":"post","link":"https:\/\/www.motionlaw.com\/es\/presidente-biden-comenta-acerca-de-la-inmigracion\/","title":{"rendered":"Presidente Biden Comenta Acerca de la Inmigraci\u00f3n"},"content":{"rendered":"<h1><span style=\"color: #161b33;\">Presidente Biden remueve m\u00faltiples restricciones sobre el sistema de inmigraci\u00f3n<\/span><\/h1>\n<p>Durante las primeras semanas en el cargo, el presidente actual de los Estados Unidos, Joe Biden, ha emitido varios memorandos y \u00f3rdenes ejecutivas para levantar las restricciones implementadas por le gobierno de Donald Trump sobre el sector de la inmigraci\u00f3n.<\/p>\n<p>El presidente Biden, quien asumi\u00f3 el cargo el 20 de enero del 2021, siempre se ha referido a la inmigraci\u00f3n con una connotaci\u00f3n positiva, declarando que Estados Unidos es una naci\u00f3n de inmigrantes y que el desarrollo tecnol\u00f3gico, cient\u00edfico y social se apoya grandemente en la presencia de extranjeros provenientes de diferentes culturas.<\/p>\n<p>A\u00f1adiendo a eso, con respecto a la manera en la que la administraci\u00f3n previa manej\u00f3 la inmigraci\u00f3n, el presidente actual declara que las pol\u00edticas restrictivas sobre el sistema de inmigraci\u00f3n podr\u00edan empeorar la crisis actual y reducir la habilidad del pa\u00eds para superar las adversidades econ\u00f3micas tra\u00eddas por la pandemia global, principalmente porque el mercado local depende en gran medida de la mano de obra extranjera.<\/p>\n<p>Por ende, el presidente actual ha removido m\u00faltiples pol\u00edticas y reglas que restring\u00edan substancialmente las posibilidades legales para los extranjeros. De hecho, hay una creciente controversia entre la poblaci\u00f3n estadounidense debido a que el presidente ha emitido un n\u00famero alto de acciones ejecutivas.<\/p>\n<p>Con respecto a esta controversia, el presidente Biden declar\u00f3 recientemente: <em>\u201cY quiero dejarlo en claro &#8211; se est\u00e1 hablando mucho, y con raz\u00f3n, sobre la cantidad de \u00f3rdenes ejecutivas que he firmado &#8211; no estoy haciendo una nueva ley; Estoy eliminando las malas pol\u00edticas.\u201d<\/em><\/p>\n<p>\u00bfQuiere venir a los Estados Unidos, pero no sabe cu\u00e1l proceso elegir? <span style=\"color: #003366;\"><strong><a style=\"color: #003366;\" href=\"https:\/\/www.motionlaw.com\/es\/contactenos\/\" target=\"_blank\" rel=\"noopener noreferrer\">Contacte a Motion Law Immigration<\/a><\/strong><\/span> y siga el consejo de nuestros abogados experimentados.<\/p>\n<h2>Comentarios del presidente Biden con respecto a la inmigraci\u00f3n<\/h2>\n<p>Uno de los sectores m\u00e1s importantes para la administraci\u00f3n de Biden es la inmigraci\u00f3n, m\u00e1s espec\u00edficamente la necesidad de reformar integralmente el sistema de inmigraci\u00f3n actual y moldear las pol\u00edticas y alternativas legales para que concuerden con el tiempo presente.<\/p>\n<p>Por ende, el presidente Biden ha emitido m\u00faltiples acciones ejecutivas durante las \u00faltimas dos semanas las cuales pretenden mejorar el sistema de inmigraci\u00f3n local, remover restricciones actuales y ampliar las opciones disponibles para que los extranjeros vengan a los Estados Unidos, teniendo en cuenta lo que es de inter\u00e9s nacional y a la poblaci\u00f3n estadounidense.<\/p>\n<p>La administraci\u00f3n actual de los Estados Unidos ha levantado restricciones y ha comentado acerca de procesos y programas como:<\/p>\n<ul>\n<li>El asilo pol\u00edtico y refugio.<\/li>\n<li>DACA (Acci\u00f3n Diferida para los Llegados en la Infancia).<\/li>\n<li>Sistema de detenci\u00f3n y deportaci\u00f3n de los Estados Unidos.<\/li>\n<li>Programas de visado para trabajadores extranjeros altamente cualificados (visa H-1B).<\/li>\n<\/ul>\n<p>A\u00f1adiendo a eso, el <span style=\"color: #003366;\"><a style=\"color: #003366;\" href=\"https:\/\/www.whitehouse.gov\/briefing-room\/speeches-remarks\/2021\/02\/02\/remarks-by-president-biden-at-signing-of-executive-orders-advancing-his-priority-to-modernize-our-immigration-system\/\" target=\"_blank\" rel=\"noopener noreferrer\">presidente coment\u00f3 recientemente<\/a><\/span> acerca de su visi\u00f3n con respecto a la inmigraci\u00f3n y declar\u00f3 que la administraci\u00f3n de Trump emiti\u00f3 varias \u00f3rdenes ejecutivas que, en su opini\u00f3n, son contraproducentes e ineficientes. Biden declara que <em>\u201cEstados Unidos es m\u00e1s seguro, m\u00e1s fuerte, m\u00e1s pr\u00f3spero cuando tenemos un sistema de inmigraci\u00f3n justo, ordenado, humano y legal.\u201d<\/em><\/p>\n<p>\u00a1Inicie su viaje de inmigraci\u00f3n en los Estados Unidos lo antes posible, <span style=\"color: #003366;\"><strong><a style=\"color: #003366;\" href=\"https:\/\/www.motionlaw.com\/es\/contactenos\/\" target=\"_blank\" rel=\"noopener noreferrer\">Cont\u00e1ctenos hoy<\/a><\/strong><\/span>!<\/p>\n<h2>Elija el proceso correcto para su caso de inmigraci\u00f3n<\/h2>\n<p>Iniciar un proceso de inmigraci\u00f3n requiere dedicaci\u00f3n constante, principalmente porque es esencial elegir el proceso correcto para evitar un posible rechazo, as\u00ed como organizar la documentaci\u00f3n necesaria apropiadamente y presentar un caso s\u00f3lido.<\/p>\n<p>Por ende, es preferible contar con el acompa\u00f1amiento constante de expertos en temas de inmigraci\u00f3n, quienes podr\u00e1n llevarlo hacia el \u00e9xito de su solicitud y guiarlo en cada paso del camino.<\/p>\n<h2>\u00a1Contacte a Motion Law Immigration hoy!<\/h2>\n<p>Si tiene alguna pregunta sobre un problema de inmigraci\u00f3n o sobre un caso que pueda tener actualmente en progreso, no dude en comunicarse con nosotros para una <span style=\"color: #003366;\"><a style=\"color: #003366;\" href=\"https:\/\/www.motionlaw.com\/es\/\"><strong>Consulta Telef\u00f3nica GRATUITA<\/strong><\/a><\/span> con uno de nuestros <span style=\"color: #003366;\"><a style=\"color: #003366;\" href=\"https:\/\/www.motionlaw.com\/es\/contactenos\/\">abogados expertos en inmigraci\u00f3n<\/a><\/span>.<\/p>\n<p>Simplemente llame a Motion Law hoy al: <strong>(202) 918-1799.<\/strong><\/p>\n","protected":false},"excerpt":{"rendered":"<p>Presidente Biden remueve m\u00faltiples restricciones sobre el sistema de inmigraci\u00f3n Durante las primeras semanas en el cargo, el presidente actual de los Estados Unidos, Joe Biden, ha emitido varios memorandos y \u00f3rdenes ejecutivas para levantar las restricciones implementadas por le gobierno de Donald Trump sobre el sector de la inmigraci\u00f3n. El presidente Biden, quien asumi\u00f3&hellip;<\/p>\n","protected":false},"author":16,"featured_media":11197,"comment_status":"closed","ping_status":"closed","sticky":false,"template":"","format":"standard","meta":{"_monsterinsights_skip_tracking":false,"_monsterinsights_sitenote_active":false,"_monsterinsights_sitenote_note":"","_monsterinsights_sitenote_category":0,"_jetpack_memberships_contains_paid_content":false,"footnotes":""},"categories":[87,89],"tags":[],"yst_prominent_words":[4544,2983,3014,749,1227,838,4308,4711,7517,1168,832],"class_list":["post-11196","post","type-post","status-publish","format-standard","has-post-thumbnail","hentry","category-inmigracion","category-noticias-de-inmigracion"],"jetpack_featured_media_url":"https:\/\/www.motionlaw.com\/wp-content\/uploads\/Presidente-Biden-Comenta-Acerca-de-la-Inmigracion.png","jetpack_shortlink":"https:\/\/wp.me\/p93TlB-2UA","jetpack_sharing_enabled":true,"_links":{"self":[{"href":"https:\/\/www.motionlaw.com\/es\/wp-json\/wp\/v2\/posts\/11196","targetHints":{"allow":["GET"]}}],"collection":[{"href":"https:\/\/www.motionlaw.com\/es\/wp-json\/wp\/v2\/posts"}],"about":[{"href":"https:\/\/www.motionlaw.com\/es\/wp-json\/wp\/v2\/types\/post"}],"author":[{"embeddable":true,"href":"https:\/\/www.motionlaw.com\/es\/wp-json\/wp\/v2\/users\/16"}],"replies":[{"embeddable":true,"href":"https:\/\/www.motionlaw.com\/es\/wp-json\/wp\/v2\/comments?post=11196"}],"version-history":[{"count":1,"href":"https:\/\/www.motionlaw.com\/es\/wp-json\/wp\/v2\/posts\/11196\/revisions"}],"predecessor-version":[{"id":11199,"href":"https:\/\/www.motionlaw.com\/es\/wp-json\/wp\/v2\/posts\/11196\/revisions\/11199"}],"wp:featuredmedia":[{"embeddable":true,"href":"https:\/\/www.motionlaw.com\/es\/wp-json\/wp\/v2\/media\/11197"}],"wp:attachment":[{"href":"https:\/\/www.motionlaw.com\/es\/wp-json\/wp\/v2\/media?parent=11196"}],"wp:term":[{"taxonomy":"category","embeddable":true,"href":"https:\/\/www.motionlaw.com\/es\/wp-json\/wp\/v2\/categories?post=11196"},{"taxonomy":"post_tag","embeddable":true,"href":"https:\/\/www.motionlaw.com\/es\/wp-json\/wp\/v2\/tags?post=11196"},{"taxonomy":"yst_prominent_words","embeddable":true,"href":"https:\/\/www.motionlaw.com\/es\/wp-json\/wp\/v2\/yst_prominent_words?post=11196"}],"curies":[{"name":"wp","href":"https:\/\/api.w.org\/{rel}","templated":true}]}}