{"id":11130,"date":"2021-02-01T16:13:45","date_gmt":"2021-02-01T21:13:45","guid":{"rendered":"https:\/\/www.motionlaw.com\/?p=11130"},"modified":"2021-02-01T16:13:45","modified_gmt":"2021-02-01T21:13:45","slug":"corte-de-apelaciones-permite-deportaciones-de-menores-sin-acompanamiento","status":"publish","type":"post","link":"https:\/\/www.motionlaw.com\/es\/corte-de-apelaciones-permite-deportaciones-de-menores-sin-acompanamiento\/","title":{"rendered":"Corte de Apelaciones Permite Deportaciones de Menores sin Acompa\u00f1amiento"},"content":{"rendered":"<h1><span style=\"color: #161b33;\">Deportaciones expresas por motivos de emergencia sanitaria<\/span><\/h1>\n<p>La llegada repentina de la pandemia global de Coronavirus les permiti\u00f3 a los gobiernos alrededor del mundo implementar medidas de emergencia poco convencionales para proteger la salud de sus ciudadanos, fortalecer la infraestructura del sistema de salud, salvaguardar recursos esenciales para impulsar la econom\u00eda en tiempos de crisis, entre otros.<\/p>\n<p>Muchos pa\u00edses decidieron cerrar las fronteras como una medida de emergencia para evitar el esparcimiento masivo del Coronavirus, lo que paus\u00f3 casi completamente la inmigraci\u00f3n alrededor del mundo. Sin embargo, no es un secreto que, en muchas ocasiones, las situaciones precarias en territorios vulnerables obligan a miles de personas a buscar oportunidades en otros pa\u00edses, inclusive por medio de la inmigraci\u00f3n irregular.<\/p>\n<p>En el caso de los Estados Unidos, el gobierno de Trump permiti\u00f3 las llamadas <em>\u201cRemociones Expresas o Aceleradas\u201d<\/em> en medio de la crisis sanitaria provocada por la pandemia global de COVID-19, argumentando que el flujo masivo de inmigrantes podr\u00eda empeorar la emergencia sanitaria y poner en riesgo a la poblaci\u00f3n estadounidense. Este proceso permite a las fuerzas fronterizas deportar inmigrantes sin audiencia judicial o entrevista de asilo, algunas veces en cuesti\u00f3n de horas.<\/p>\n<p>\u00bfNecesita ayuda con un <span style=\"color: #003366;\"><strong><a style=\"color: #003366;\" href=\"https:\/\/www.motionlaw.com\/es\/areas-de-practica\/deportacion\/\" target=\"_blank\" rel=\"noopener noreferrer\">Caso de Deportaci\u00f3n<\/a><\/strong><\/span>? Nuestro equipo puede ayudarle.<\/p>\n<h2>Remociones de menores de edad inmigrantes sin acompa\u00f1amiento<\/h2>\n<p>Por motivos de emergencia sanitaria global, el gobierno de Trump permiti\u00f3 las deportaciones de cientos de menores de edad inmigrantes sin acompa\u00f1amiento, quienes cruzaron las fronteras de los Estados Unidos sin documentaci\u00f3n legal.<\/p>\n<p>La ley de los Estados Unidos es bastante estricta cuando se trata de menores de edad sin acompa\u00f1amiento ya que ellos suelen ser v\u00edctimas de tr\u00e1fico de personas, abuso, secuestro, entre otros. Por ende, el sistema de inmigraci\u00f3n local declara que los menores de edad sin acompa\u00f1amiento deben tener la oportunidad de solicitar protecci\u00f3n internacional y hacer parte de un programa de reasentamiento para recibir gu\u00eda especializada por parte de profesionales de cuidado infantil.<\/p>\n<p>Sin embargo, el gobierno de Trump dio luz verde para que las fuerzas fronterizas deportaran menores de edad sin acompa\u00f1amiento en medio de la crisis sanitaria global.<\/p>\n<h2>Corte prohibi\u00f3 las remociones de menores de edad sin acompa\u00f1amiento<\/h2>\n<p>En noviembre del 2020, un juez federal prohibi\u00f3 al gobierno de Trump deportar menores de edad sin acompa\u00f1amiento por motivos de emergencia sanitaria. Sin embargo, el gobierno de Trump <span style=\"color: #003366;\"><a style=\"color: #003366;\" href=\"https:\/\/www.motionlaw.com\/es\/gobierno-de-trump-deporto-menores-de-edad-a-pesar-de-fallo-de-juez\/\" target=\"_blank\" rel=\"noopener noreferrer\">no acat\u00f3 completamente esta orden<\/a><\/span> y cientos de ni\u00f1os fueron deportados despu\u00e9s del veredicto del juez.<\/p>\n<h2>Corte de apelaciones reanuda las deportaciones de menores de edad sin acompa\u00f1amiento<\/h2>\n<p>El viernes 29 de enero del 2021, un panel de tres jueces de la Corte de Apelaciones del Circuito del Distrito de Columbia levant\u00f3 la suspensi\u00f3n de la corte de primera instancia y permiti\u00f3 al gobierno de los Estados Unidos <span style=\"color: #003366;\"><a style=\"color: #003366;\" href=\"https:\/\/www.excelsior.com.mx\/global\/avalan-que-estados-unidos-expulse-a-los-ninos-migrantes\/1430054\" target=\"_blank\" rel=\"noopener noreferrer\">reanudar las deportaciones de menores<\/a><\/span> de edad sin acompa\u00f1amiento que cruzan las fronteras sur del pa\u00eds.<\/p>\n<p>Es imperativo aclarar que los tres jueces involucrados en el veredicto fueron nombrados por el ex-presidente Trump, quien ten\u00eda una postura bastante restrictiva cuando se trata de la inmigraci\u00f3n. Ellos declaran que los individuos que crucen las fronteras sin documentaci\u00f3n legal en tiempos de crisis pueden ser deportados sin necesidad de una audiencia judicial o una entrevista de asilo.<\/p>\n<p>Claramente, esta noticia llam\u00f3 la atenci\u00f3n de decenas de defensores de los derechos de los inmigrantes y activistas, quienes planean desafiar el veredicto de la Corte de Apelaciones. A\u00f1adiendo a eso, es tambi\u00e9n importante tener en cuenta que el gobierno de Biden debe decidir c\u00f3mo ejecutar el veredicto con respecto a los menores de edad sin acompa\u00f1amiento y, debido a que la postura del presidente actual es m\u00e1s acogedora con las comunidades de inmigrantes, posiblemente plantear\u00e1 una estrategia diferente para proteger a los menores de edad inmigrantes y evitar otro brote masivo de Coronavirus en los Estados Unidos.<\/p>\n<h2>Busque ayuda fidedigna antes de iniciar su proceso de inmigraci\u00f3n<\/h2>\n<p>Si tiene alguna pregunta sobre un problema de inmigraci\u00f3n o sobre un caso que pueda tener actualmente en progreso, no dude en comunicarse con nosotros para una <span style=\"color: #003366;\"><a style=\"color: #003366;\" href=\"https:\/\/www.motionlaw.com\/es\/\"><strong>Consulta Telef\u00f3nica GRATUITA<\/strong><\/a><\/span> con uno de nuestros <span style=\"color: #003366;\"><a style=\"color: #003366;\" href=\"https:\/\/www.motionlaw.com\/es\/contactenos\/\">abogados expertos en inmigraci\u00f3n<\/a><\/span>.<\/p>\n<p>Simplemente llame a Motion Law hoy al: <strong>(202) 918-1799.<\/strong><\/p>\n","protected":false},"excerpt":{"rendered":"<p>Deportaciones expresas por motivos de emergencia sanitaria La llegada repentina de la pandemia global de Coronavirus les permiti\u00f3 a los gobiernos alrededor del mundo implementar medidas de emergencia poco convencionales para proteger la salud de sus ciudadanos, fortalecer la infraestructura del sistema de salud, salvaguardar recursos esenciales para impulsar la econom\u00eda en tiempos de crisis,&hellip;<\/p>\n","protected":false},"author":16,"featured_media":11131,"comment_status":"closed","ping_status":"closed","sticky":false,"template":"","format":"standard","meta":{"_monsterinsights_skip_tracking":false,"_monsterinsights_sitenote_active":false,"_monsterinsights_sitenote_note":"","_monsterinsights_sitenote_category":0,"_jetpack_memberships_contains_paid_content":false,"footnotes":""},"categories":[85,89],"tags":[],"yst_prominent_words":[2892,838,7561,2689,2469,2456,832,2881,2876,6841],"class_list":["post-11130","post","type-post","status-publish","format-standard","has-post-thumbnail","hentry","category-deportacion","category-noticias-de-inmigracion"],"jetpack_featured_media_url":"https:\/\/www.motionlaw.com\/wp-content\/uploads\/Corte-de-Apelaciones-Permite-Deportaciones-de-Menores-sin-Acompanamiento.png","jetpack_shortlink":"https:\/\/wp.me\/p93TlB-2Tw","jetpack_sharing_enabled":true,"_links":{"self":[{"href":"https:\/\/www.motionlaw.com\/es\/wp-json\/wp\/v2\/posts\/11130","targetHints":{"allow":["GET"]}}],"collection":[{"href":"https:\/\/www.motionlaw.com\/es\/wp-json\/wp\/v2\/posts"}],"about":[{"href":"https:\/\/www.motionlaw.com\/es\/wp-json\/wp\/v2\/types\/post"}],"author":[{"embeddable":true,"href":"https:\/\/www.motionlaw.com\/es\/wp-json\/wp\/v2\/users\/16"}],"replies":[{"embeddable":true,"href":"https:\/\/www.motionlaw.com\/es\/wp-json\/wp\/v2\/comments?post=11130"}],"version-history":[{"count":1,"href":"https:\/\/www.motionlaw.com\/es\/wp-json\/wp\/v2\/posts\/11130\/revisions"}],"predecessor-version":[{"id":11133,"href":"https:\/\/www.motionlaw.com\/es\/wp-json\/wp\/v2\/posts\/11130\/revisions\/11133"}],"wp:featuredmedia":[{"embeddable":true,"href":"https:\/\/www.motionlaw.com\/es\/wp-json\/wp\/v2\/media\/11131"}],"wp:attachment":[{"href":"https:\/\/www.motionlaw.com\/es\/wp-json\/wp\/v2\/media?parent=11130"}],"wp:term":[{"taxonomy":"category","embeddable":true,"href":"https:\/\/www.motionlaw.com\/es\/wp-json\/wp\/v2\/categories?post=11130"},{"taxonomy":"post_tag","embeddable":true,"href":"https:\/\/www.motionlaw.com\/es\/wp-json\/wp\/v2\/tags?post=11130"},{"taxonomy":"yst_prominent_words","embeddable":true,"href":"https:\/\/www.motionlaw.com\/es\/wp-json\/wp\/v2\/yst_prominent_words?post=11130"}],"curies":[{"name":"wp","href":"https:\/\/api.w.org\/{rel}","templated":true}]}}