{"id":10376,"date":"2021-01-08T18:28:49","date_gmt":"2021-01-08T23:28:49","guid":{"rendered":"https:\/\/www.motionlaw.com\/?p=10376"},"modified":"2021-01-08T18:28:49","modified_gmt":"2021-01-08T23:28:49","slug":"aumentan-las-detenciones-de-inmigrantes-en-las-fronteras-de-usa","status":"publish","type":"post","link":"https:\/\/www.motionlaw.com\/es\/aumentan-las-detenciones-de-inmigrantes-en-las-fronteras-de-usa\/","title":{"rendered":"Aumentan las Detenciones de Inmigrantes en las Fronteras de USA"},"content":{"rendered":"<h1><span style=\"color: #161b33;\">La pandemia redujo la inmigraci\u00f3n hacia los Estados Unidos<\/span><\/h1>\n<p>Uno de los sectores m\u00e1s afectados por la crisis sanitaria alrededor del mundo es la inmigraci\u00f3n. Esto se debe principalmente a que la mayor\u00eda de los pa\u00edses decidieron cerrar las fronteras indefinidamente para evitar la exportaci\u00f3n y la importaci\u00f3n del Coronavirus. A\u00f1adiendo a eso, la Organizaci\u00f3n Mundial de la Salud (OMS) recomend\u00f3 el distanciamiento social como medida preventiva para evitar el esparcimiento masivo del virus, por ende, la mayor\u00eda de los pa\u00edses tambi\u00e9n utiliz\u00f3 la cuarentena como estrategia para mitigar el impacto de la pandemia. Esto tambi\u00e9n disminuy\u00f3 la inmigraci\u00f3n a nivel global.<\/p>\n<p>Hablando espec\u00edficamente del territorio norteamericano, Estados Unidos es el destino de miles de inmigrantes anualmente, quienes anhelan construir un futuro prometedor a trav\u00e9s de programas humanitarios, opciones de inmigraci\u00f3n familiar, oportunidades de empleo, entre otros.<\/p>\n<p>Sin embargo, aparte del hecho de que Estados Unidos ha sido el epicentro principal de la pandemia por m\u00e1s de 9 meses, la administraci\u00f3n actual, encabezada por el presidente Donald Trump, siempre ha querido reducir la inmigraci\u00f3n y la crisis sanitaria indudablemente contribuy\u00f3 para que pudiera restringir substancialmente el ingreso de extranjeros al pa\u00eds.<\/p>\n<p>Por ende, durante el a\u00f1o fiscal 2020 (octubre-septiembre) la inmigraci\u00f3n disminuy\u00f3 considerablemente en los Estados Unidos, estableciendo un r\u00e9cord.<\/p>\n<h4>Veamos algunas cifras oficiales:<\/h4>\n<ul>\n<li><span style=\"color: #003366;\"><a style=\"color: #003366;\" href=\"https:\/\/www.motionlaw.com\/es\/la-inmigracion-legal-disminuyo-substancialmente-durante-ano-fiscal-2020\/\" target=\"_blank\" rel=\"noopener noreferrer\">Seg\u00fan un reporte<\/a><\/span> conducido en octubre del 2020 (primer mes del a\u00f1o fiscal 2021) por el Instituto CATO, la inmigraci\u00f3n legal disminuy\u00f3 un 91.9% durante el segundo periodo del a\u00f1o fiscal 2020 (abril-septiembre). Esta disminuci\u00f3n inclu\u00eda todo tipo de procesos migratorios, desde opciones basadas en lazos familiares, hasta solicitudes de asilo pol\u00edtico y visas basadas en el empleo, exceptuando aquellas relacionadas con la cadena de suministros de alimento de los Estados Unidos.<\/li>\n<li>Seg\u00fan el <span style=\"color: #003366;\"><a style=\"color: #003366;\" href=\"https:\/\/www.motionlaw.com\/es\/activistas-esperan-que-las-deportaciones-disminuyan-incluso-mas-con-biden\/\" target=\"_blank\" rel=\"noopener noreferrer\">reporte anual de ICE<\/a><\/span> (Agencia de Inmigraci\u00f3n y Control de Aduanas), las deportaciones disminuyeron un 30.45% durante el a\u00f1o fiscal 2020 en comparaci\u00f3n al a\u00f1o fiscal 2019. Es importante aclarar que el gobierno de Trump permiti\u00f3 a las fuerzas fronterizas deportar inmigrantes indocumentados en cuesti\u00f3n de horas por motivos de emergencia sanitaria (tambi\u00e9n conocidas como <em>\u201cremociones aceleradas\u201d<\/em>) y, aun as\u00ed, la cifra de deportaciones disminuy\u00f3 considerablemente.<br \/>\nA\u00f1adiendo a eso, la cantidad de inmigrantes indocumentados arrestados tambi\u00e9n disminuy\u00f3 un 27.6% en comparaci\u00f3n al a\u00f1o fiscal 2019.<\/li>\n<\/ul>\n<p>\u00bfNecesita solicitar su documentaci\u00f3n legal en los Estados Unidos? Proteja su futuro, <span style=\"color: #003366;\"><strong><a style=\"color: #003366;\" href=\"https:\/\/www.motionlaw.com\/es\/contactenos\/\" target=\"_blank\" rel=\"noopener noreferrer\">Contacte a Motion Law Immigration<\/a><\/strong><\/span> y siga el consejo de nuestros abogados experimentados.<\/p>\n<h2>La inmigraci\u00f3n ilegal aumenta durante los primeros meses del a\u00f1o fiscal 2021<\/h2>\n<p>A pesar de que el gobierno de Trump pudo frenar la inmigraci\u00f3n y aumentar las deportaciones expresas gracias a la crisis sanitaria provocada por el Coronavirus, m\u00faltiples desastres naturales y las condiciones clim\u00e1ticas y econ\u00f3micas de Centroam\u00e9rica est\u00e1n aumentando desproporcionadamente la inmigraci\u00f3n ilegal.<\/p>\n<p>De acuerdo con las <span style=\"color: #003366;\"><a style=\"color: #003366;\" href=\"https:\/\/www.cbp.gov\/newsroom\/stats\/southwest-land-border-encounters\" target=\"_blank\" rel=\"noopener noreferrer\">cifras oficiales de CBP<\/a><\/span> (Aduanas y Protecci\u00f3n Fronteriza), el n\u00famero de inmigrantes indocumentados detenidos en las fronteras, mientras intentan cruzarlas sin autorizaci\u00f3n previa, aument\u00f3 en gran medida durante los primeros tres meses del a\u00f1o fiscal 2021.<\/p>\n<p>Veamos algunos ejemplos:<\/p>\n<ul>\n<li>En diciembre del 2020 (tercer mes del a\u00f1o fiscal 2021), las fuerzas fronterizas arrestaron a 73,513 inmigrantes indocumentados, lo cual representa un aumento del 81,22% en comparaci\u00f3n al a\u00f1o pasado y 20,92% en comparaci\u00f3n al 2019, cuando la pandemia de Coronavirus a\u00fan no exist\u00eda.<\/li>\n<li>En noviembre del 2020 (segundo mes del a\u00f1o fiscal 2021) las fuerzas fronterizas arrestaron a 71,462 inmigrantes indocumentados, lo cual representa un aumento del 67,58% en comparaci\u00f3n al a\u00f1o pasado y 14,4% en comparaci\u00f3n al 2019, cuando la pandemia de Coronavirus a\u00fan no exist\u00eda.<\/li>\n<\/ul>\n<p>Tenido en cuenta estas cifras, es predecible que la inmigraci\u00f3n aumente incluso m\u00e1s durante los siguientes seis meses, no solo por las condiciones actuales de los pa\u00edses centroamericanos, sino porque el gobierno entrante, con el presidente electo Joe Biden liderando, tiene una visi\u00f3n acogedora con la inmigraci\u00f3n y es una puerta de esperanza para miles de personas.<\/p>\n<h2>\u00bfNecesita ayuda con un caso de inmigraci\u00f3n?<\/h2>\n<p>Si tiene alguna pregunta sobre un problema de inmigraci\u00f3n o sobre un caso que pueda tener actualmente en progreso, no dude en comunicarse con nosotros para una <span style=\"color: #003366;\"><a style=\"color: #003366;\" href=\"https:\/\/www.motionlaw.com\/es\/\"><strong>Consulta Telef\u00f3nica GRATUITA<\/strong><\/a><\/span> con uno de nuestros <span style=\"color: #003366;\"><a style=\"color: #003366;\" href=\"https:\/\/www.motionlaw.com\/es\/contactenos\/\">abogados expertos en inmigraci\u00f3n<\/a><\/span>.<\/p>\n<p>Simplemente llame a Motion Law hoy al: <strong>(202) 918-1799.<\/strong><\/p>\n","protected":false},"excerpt":{"rendered":"<p>La pandemia redujo la inmigraci\u00f3n hacia los Estados Unidos Uno de los sectores m\u00e1s afectados por la crisis sanitaria alrededor del mundo es la inmigraci\u00f3n. Esto se debe principalmente a que la mayor\u00eda de los pa\u00edses decidieron cerrar las fronteras indefinidamente para evitar la exportaci\u00f3n y la importaci\u00f3n del Coronavirus. A\u00f1adiendo a eso, la Organizaci\u00f3n&hellip;<\/p>\n","protected":false},"author":16,"featured_media":10377,"comment_status":"closed","ping_status":"closed","sticky":false,"template":"","format":"standard","meta":{"_monsterinsights_skip_tracking":false,"_monsterinsights_sitenote_active":false,"_monsterinsights_sitenote_note":"","_monsterinsights_sitenote_category":0,"_jetpack_memberships_contains_paid_content":false,"footnotes":""},"categories":[87],"tags":[],"yst_prominent_words":[2467,5080,5860],"class_list":["post-10376","post","type-post","status-publish","format-standard","has-post-thumbnail","hentry","category-inmigracion"],"jetpack_featured_media_url":"https:\/\/www.motionlaw.com\/wp-content\/uploads\/Aumentan-las-Detenciones-de-Inmigrantes-en-las-Fronteras-de-USA.png","jetpack_shortlink":"https:\/\/wp.me\/p93TlB-2Hm","jetpack_sharing_enabled":true,"_links":{"self":[{"href":"https:\/\/www.motionlaw.com\/es\/wp-json\/wp\/v2\/posts\/10376","targetHints":{"allow":["GET"]}}],"collection":[{"href":"https:\/\/www.motionlaw.com\/es\/wp-json\/wp\/v2\/posts"}],"about":[{"href":"https:\/\/www.motionlaw.com\/es\/wp-json\/wp\/v2\/types\/post"}],"author":[{"embeddable":true,"href":"https:\/\/www.motionlaw.com\/es\/wp-json\/wp\/v2\/users\/16"}],"replies":[{"embeddable":true,"href":"https:\/\/www.motionlaw.com\/es\/wp-json\/wp\/v2\/comments?post=10376"}],"version-history":[{"count":1,"href":"https:\/\/www.motionlaw.com\/es\/wp-json\/wp\/v2\/posts\/10376\/revisions"}],"predecessor-version":[{"id":10379,"href":"https:\/\/www.motionlaw.com\/es\/wp-json\/wp\/v2\/posts\/10376\/revisions\/10379"}],"wp:featuredmedia":[{"embeddable":true,"href":"https:\/\/www.motionlaw.com\/es\/wp-json\/wp\/v2\/media\/10377"}],"wp:attachment":[{"href":"https:\/\/www.motionlaw.com\/es\/wp-json\/wp\/v2\/media?parent=10376"}],"wp:term":[{"taxonomy":"category","embeddable":true,"href":"https:\/\/www.motionlaw.com\/es\/wp-json\/wp\/v2\/categories?post=10376"},{"taxonomy":"post_tag","embeddable":true,"href":"https:\/\/www.motionlaw.com\/es\/wp-json\/wp\/v2\/tags?post=10376"},{"taxonomy":"yst_prominent_words","embeddable":true,"href":"https:\/\/www.motionlaw.com\/es\/wp-json\/wp\/v2\/yst_prominent_words?post=10376"}],"curies":[{"name":"wp","href":"https:\/\/api.w.org\/{rel}","templated":true}]}}