{"id":10354,"date":"2021-01-08T10:55:46","date_gmt":"2021-01-08T15:55:46","guid":{"rendered":"https:\/\/www.motionlaw.com\/?p=10354"},"modified":"2021-01-08T10:55:46","modified_gmt":"2021-01-08T15:55:46","slug":"defensores-de-inmigracion-esperan-cambios-radicales-con-biden","status":"publish","type":"post","link":"https:\/\/www.motionlaw.com\/es\/defensores-de-inmigracion-esperan-cambios-radicales-con-biden\/","title":{"rendered":"Defensores de Inmigraci\u00f3n Esperan Cambios Radicales con Biden"},"content":{"rendered":"<h1><span style=\"color: #161b33;\">Defensores y abogados de inmigraci\u00f3n tienen esperanza con el gobierno entrante<\/span><\/h1>\n<p>Las elecciones presidenciales m\u00e1s recientes de los Estados Unidos estuvieron enfocadas principalmente en la crisis sanitaria provocada por la pandemia global de Coronavirus, el sistema de salud, la tasa de desempleo y la estabilidad econ\u00f3mica nacional.<\/p>\n<p>Sin embargo, tambi\u00e9n hubo otros temas relevantes entre los ciudadanos estadounidenses para elegir al siguiente presidente de la naci\u00f3n, como la inmigraci\u00f3n. El sistema de inmigraci\u00f3n ha cambiado dr\u00e1sticamente bajo el mandato de Donald Trump, quien utiliz\u00f3 todas las herramientas a su disposici\u00f3n para reducir la cantidad de extranjeros que entra a los Estados Unidos.<\/p>\n<p>A pesar de que el presidente Trump buscaba un segundo t\u00e9rmino, la poblaci\u00f3n local eligi\u00f3 a Joe Biden, perteneciente al partido pol\u00edtico Dem\u00f3crata, como el presidente n\u00famero 46 de los Estados Unidos, quien asumir\u00e1 el cargo el 20 de enero del 2021.<\/p>\n<p><span style=\"color: #003366;\"><a style=\"color: #003366;\" href=\"https:\/\/patch.com\/massachusetts\/boston\/lawyers-hopeful-future-immigration-policy-under-biden-administration\" target=\"_blank\" rel=\"noopener noreferrer\">Decenas de abogados de inmigraci\u00f3n<\/a><\/span>, defensores de los derechos de los inmigrantes y activistas han alzado su voz por las comunidades de inmigrantes m\u00e1s vulnerables, que han sido tremendamente afectadas por las pol\u00edticas del gobierno de Trump. Ellos celebran la victoria de Joe Biden y esperan que su administraci\u00f3n mejore el sistema migratorio y cumpla sus promesas con respecto a los trabajadores extranjeros, los solicitantes de asilo, los recipientes de DACA (Acci\u00f3n Diferida para los Llegados en la Infancia), los beneficiarios de TPS (Estatus de Protecci\u00f3n Temporal), entre otros.<\/p>\n<p>\u00bfNecesita ayuda con un caso de inmigraci\u00f3n? <span style=\"color: #003366;\"><strong><a style=\"color: #003366;\" href=\"https:\/\/www.motionlaw.com\/es\/contactenos\/\" target=\"_blank\" rel=\"noopener noreferrer\">Contacte a Motion Law<\/a><\/strong><\/span> y siga el consejo de nuestros abogados experimentados.<\/p>\n<h2>El gobierno de Trump y la inmigraci\u00f3n<\/h2>\n<p>La postura del gobierno de Trump cuando se trata de la inmigraci\u00f3n siempre ha sido bastante estricta y restrictiva. El presidente Trump argumenta que la inmigraci\u00f3n masiva es extremadamente perjudicial para el sistema econ\u00f3mico y los trabajadores estadounidenses.<\/p>\n<p>Por eso, durante los \u00faltimos cuatro a\u00f1os, su gobierno ha intentado reducir la inmigraci\u00f3n a toda costa. Con esto, hacemos referencia a procesos desde inmigraci\u00f3n familiar, programas humanitarios como el asilo pol\u00edtico y refugio, hasta procesos de inmigraci\u00f3n empresarial y programas de visado para trabajadores extranjeros altamente cualificados.<\/p>\n<p>A\u00f1adiendo a eso, el presidente Trump relaciona constantemente la inmigraci\u00f3n con el crimen, lo que ha aumentado la discriminaci\u00f3n social y la divisi\u00f3n entre los ciudadanos locales y las comunidades de inmigrantes que residen actualmente en los Estados Unidos.<\/p>\n<p>Motion Law lo mantiene al d\u00eda con las noticias de inmigraci\u00f3n m\u00e1s recientes. \u00a1<span style=\"color: #003366;\"><strong><a style=\"color: #003366;\" href=\"https:\/\/www.motionlaw.com\/es\/blog\/\" target=\"_blank\" rel=\"noopener noreferrer\">Visite nuestra secci\u00f3n de Blog<\/a><\/strong><\/span>!<\/p>\n<h2>El gobierno de Biden y la inmigraci\u00f3n<\/h2>\n<p>La postura de Biden con respecto a la inmigraci\u00f3n es diametralmente opuesta a la de Trump. En vez de reducir la inmigraci\u00f3n, el presidente electo planea aumentar los beneficios y las alternativas legales para los inmigrantes, tanto indocumentados como documentados, como una estrategia para reducir la inmigraci\u00f3n ilegal y atraer talento del extranjero.<\/p>\n<p>La administraci\u00f3n Biden-Harris ve la inmigraci\u00f3n como un aspecto positivo, una fortaleza y un beneficio para la econom\u00eda de los Estados Unidos. De hecho, el presidente electo ha mencionado en varias ocasiones que la multiculturalidad, la competitividad internacional y el desarrollo tecnol\u00f3gico y cient\u00edfico del pa\u00eds dependen en gran medida de las comunidades de inmigrantes que llegaron a los Estados Unidos hace d\u00e9cadas.<\/p>\n<p>Por ende, debido a la postura del gobierno de Biden cuando se trata de la inmigraci\u00f3n, grupos de activistas y defensores de los derechos de los inmigrantes esperan que reforme, reestructure y mejore el sistema de inmigraci\u00f3n para proteger a las comunidades de inmigrantes m\u00e1s vulnerables como los solicitantes de asilo y ofrezca m\u00e1s alternativas para los trabajadores extranjeros, quienes son extremadamente necesarios para que el pa\u00eds pueda superar la crisis actual.<\/p>\n<h2>Motion Law lo puede guiar a trav\u00e9s de su viaje de inmigraci\u00f3n en los Estados Unidos<\/h2>\n<p>Si tiene alguna pregunta sobre un problema de inmigraci\u00f3n o sobre un caso que pueda tener actualmente en progreso, no dude en comunicarse con nosotros para una <span style=\"color: #003366;\"><a style=\"color: #003366;\" href=\"https:\/\/www.motionlaw.com\/es\/\"><strong>Consulta Telef\u00f3nica GRATUITA<\/strong><\/a><\/span> con uno de nuestros <span style=\"color: #003366;\"><a style=\"color: #003366;\" href=\"https:\/\/www.motionlaw.com\/es\/contactenos\/\">abogados expertos en inmigraci\u00f3n<\/a><\/span>.<\/p>\n<p>Simplemente llame a Motion Law hoy al: <strong>(202) 918-1799.<\/strong><\/p>\n","protected":false},"excerpt":{"rendered":"<p>Defensores y abogados de inmigraci\u00f3n tienen esperanza con el gobierno entrante Las elecciones presidenciales m\u00e1s recientes de los Estados Unidos estuvieron enfocadas principalmente en la crisis sanitaria provocada por la pandemia global de Coronavirus, el sistema de salud, la tasa de desempleo y la estabilidad econ\u00f3mica nacional. Sin embargo, tambi\u00e9n hubo otros temas relevantes entre&hellip;<\/p>\n","protected":false},"author":16,"featured_media":10355,"comment_status":"closed","ping_status":"closed","sticky":false,"template":"","format":"standard","meta":{"_monsterinsights_skip_tracking":false,"_monsterinsights_sitenote_active":false,"_monsterinsights_sitenote_note":"","_monsterinsights_sitenote_category":0,"_jetpack_memberships_contains_paid_content":false,"footnotes":""},"categories":[87],"tags":[],"yst_prominent_words":[6698,8715,749,1588,2786,838,2785,7517,1168,2467,4246,2787,1167,832,8716],"class_list":["post-10354","post","type-post","status-publish","format-standard","has-post-thumbnail","hentry","category-inmigracion"],"jetpack_featured_media_url":"https:\/\/www.motionlaw.com\/wp-content\/uploads\/Defensores-de-Inmigracion-Esperan-Cambios-Radicales-con-Biden.png","jetpack_shortlink":"https:\/\/wp.me\/p93TlB-2H0","jetpack_sharing_enabled":true,"_links":{"self":[{"href":"https:\/\/www.motionlaw.com\/es\/wp-json\/wp\/v2\/posts\/10354","targetHints":{"allow":["GET"]}}],"collection":[{"href":"https:\/\/www.motionlaw.com\/es\/wp-json\/wp\/v2\/posts"}],"about":[{"href":"https:\/\/www.motionlaw.com\/es\/wp-json\/wp\/v2\/types\/post"}],"author":[{"embeddable":true,"href":"https:\/\/www.motionlaw.com\/es\/wp-json\/wp\/v2\/users\/16"}],"replies":[{"embeddable":true,"href":"https:\/\/www.motionlaw.com\/es\/wp-json\/wp\/v2\/comments?post=10354"}],"version-history":[{"count":1,"href":"https:\/\/www.motionlaw.com\/es\/wp-json\/wp\/v2\/posts\/10354\/revisions"}],"predecessor-version":[{"id":10357,"href":"https:\/\/www.motionlaw.com\/es\/wp-json\/wp\/v2\/posts\/10354\/revisions\/10357"}],"wp:featuredmedia":[{"embeddable":true,"href":"https:\/\/www.motionlaw.com\/es\/wp-json\/wp\/v2\/media\/10355"}],"wp:attachment":[{"href":"https:\/\/www.motionlaw.com\/es\/wp-json\/wp\/v2\/media?parent=10354"}],"wp:term":[{"taxonomy":"category","embeddable":true,"href":"https:\/\/www.motionlaw.com\/es\/wp-json\/wp\/v2\/categories?post=10354"},{"taxonomy":"post_tag","embeddable":true,"href":"https:\/\/www.motionlaw.com\/es\/wp-json\/wp\/v2\/tags?post=10354"},{"taxonomy":"yst_prominent_words","embeddable":true,"href":"https:\/\/www.motionlaw.com\/es\/wp-json\/wp\/v2\/yst_prominent_words?post=10354"}],"curies":[{"name":"wp","href":"https:\/\/api.w.org\/{rel}","templated":true}]}}