{"id":10019,"date":"2020-12-23T18:14:04","date_gmt":"2020-12-23T23:14:04","guid":{"rendered":"https:\/\/www.motionlaw.com\/?p=10019"},"modified":"2020-12-23T18:14:04","modified_gmt":"2020-12-23T23:14:04","slug":"presidente-electo-estima-seis-meses-para-revertir-politicas-migratorias-de-trump","status":"publish","type":"post","link":"https:\/\/www.motionlaw.com\/es\/presidente-electo-estima-seis-meses-para-revertir-politicas-migratorias-de-trump\/","title":{"rendered":"Presidente Electo Estima Seis Meses para Revertir Pol\u00edticas Migratorias de Trump"},"content":{"rendered":"<h1><span style=\"color: #161b33;\">La presi\u00f3n sobre la administraci\u00f3n de Biden para mejorar el sistema de inmigraci\u00f3n<\/span><\/h1>\n<p>Aparte de la crisis sanitaria provocada por la pandemia global de Coronavirus, la econom\u00eda y el sistema de salud, la inmigraci\u00f3n tambi\u00e9n fue un tema relevante durante las elecciones presidenciales de los Estados Unidos, que tuvieron lugar a inicios de noviembre del 2020.<\/p>\n<p>Aunque los dos candidatos m\u00e1s fuertes no hablaron extensamente acerca de sus propuestas migratorias, la poblaci\u00f3n estadounidense siempre ha considerado este sector como controversial e importante.<\/p>\n<p>A\u00f1adiendo a eso, las pol\u00edticas restrictivas de Trump aumentaron la controversia alrededor del sistema de inmigraci\u00f3n y la poblaci\u00f3n que vot\u00f3 por Biden espera que su gobierno revierta las restricciones de Trump e implemente caminos migratorios m\u00e1s humanos y menos invasivos.<\/p>\n<p>Para entender el problema en cuesti\u00f3n, es importante aclarar que, por un lado, el gobierno de Trump siempre ha querido reducir la inmigraci\u00f3n, tanto legal como ilegal. Por ende, para cumplir esta meta, su gobierno ha implementado cientos de pol\u00edticas que restringen y dificultan substancialmente los procesos migratorios. Por otro lado, el nominado dem\u00f3crata Joe Biden apoya la inmigraci\u00f3n, planea levantar las restricciones de Trump y aumentar los beneficios para las comunidades de inmigrantes, desde solicitantes de asilo y refugiados, hasta inmigrantes indocumentados y trabajadores extranjeros altamente cualificados.<\/p>\n<p>Por ende, la presi\u00f3n sobre el gobierno de Biden para transformar el sistema de inmigraci\u00f3n y proteger a las comunidades de inmigrantes m\u00e1s vulnerables es gigantesca y, recientemente,<span style=\"color: #003366;\"> <a style=\"color: #003366;\" href=\"https:\/\/www.motionlaw.com\/es\/deshacer-politicas-migratorias-de-trump-podria-tomar-tiempo\/\" target=\"_blank\" rel=\"noopener noreferrer\">su equipo de transici\u00f3n explic\u00f3<\/a><\/span> que, para que estos cambios sean efectivos, tomar\u00e1 tiempo no ser\u00e1n visibles tan r\u00e1pido como la poblaci\u00f3n estadounidense lo esperar\u00eda.<\/p>\n<h2>Biden declara que deshacer pol\u00edticas migratorias de Trump tomar\u00e1 al menos seis meses<\/h2>\n<p>El equipo de transici\u00f3n de Biden declar\u00f3 el martes 22 de diciembre que remover las restricciones de Trump y reparar o reestructurar el sistema de inmigraci\u00f3n local podr\u00eda tomar un periodo de tiempo considerables debido a los procesos que deben seguirse para lograr esta meta.<\/p>\n<p>Ese mismo d\u00eda, en la noche, el <span style=\"color: #003366;\"><a style=\"color: #003366;\" href=\"https:\/\/www.foxnews.com\/politics\/biden-says-it-will-take-six-months-to-reverse-trumps-immigration-policies\" target=\"_blank\" rel=\"noopener noreferrer\">presidente electo particip\u00f3 en una conferencia de prensa<\/a><\/span>, donde se discuti\u00f3 el sector de la inmigraci\u00f3n y los planes de su gobierno para cumplir sus promesas.<\/p>\n<p>Biden explic\u00f3 que, para proteger el bienestar de miles de inmigrantes que se encuentran en las fronteras de los Estados Unidos actualmente y, al mismo tiempo, a la poblaci\u00f3n local, su gobierno debe deshacer las pol\u00edticas restrictivas de Trump siguiendo una estrategia espec\u00edfica y evitar una crisis humanitaria y migratoria.<\/p>\n<p>A\u00f1adiendo a eso, el presidente electo declar\u00f3: <em>\u201cLograr\u00e9 lo que dije que har\u00eda: una pol\u00edtica mucho m\u00e1s humana basada en la unificaci\u00f3n familiar. Pero requiere poner muchas cosas en su lugar (&#8230;) No se podr\u00e1 hacer el primer d\u00eda, eliminar todas las restricciones que existen y volver a lo que era hace 20 a\u00f1os y, de repente, descubrir que tenemos una crisis en nuestras manos que complica lo que estamos tratando de hacer.\u201d<\/em><\/p>\n<p>Biden concluy\u00f3 que para deshacer las pol\u00edticas de Trump y empezar a reconstruir y reestructurar el sistema de inmigraci\u00f3n, necesitar\u00e1 al menos seis meses.<\/p>\n<p>El presidente electo y su gabinete recibieron m\u00faltiples cr\u00edticas en menos de 24 horas ya que, durante su campa\u00f1a presidencial, Biden declar\u00f3 que mejorar\u00eda el sistema de inmigraci\u00f3n desde el d\u00eda uno en el cargo. Sin embargo, es importante entender que el gobierno de Trump tom\u00f3 cuatro a\u00f1os para transformar substancialmente el sistema de inmigraci\u00f3n e incrementar restricciones para las comunidades de inmigrantes m\u00e1s vulnerables. Por ende, la administraci\u00f3n entrante tambi\u00e9n necesitar\u00e1 tiempo para ajustar las medidas necesarias y proteger los derechos humanos de estas comunidades.<\/p>\n<h2>Contacte a Motion Law para su caso de inmigraci\u00f3n<\/h2>\n<p>Si tiene alguna pregunta sobre un problema de inmigraci\u00f3n o sobre un caso que pueda tener actualmente en progreso, no dude en comunicarse con nosotros para una <span style=\"color: #003366;\"><a style=\"color: #003366;\" href=\"https:\/\/www.motionlaw.com\/es\/\"><strong>Consulta Telef\u00f3nica GRATUITA<\/strong><\/a><\/span> con uno de nuestros <span style=\"color: #003366;\"><a style=\"color: #003366;\" href=\"https:\/\/www.motionlaw.com\/es\/contactenos\/\">abogados expertos en inmigraci\u00f3n<\/a><\/span>.<\/p>\n<p>Simplemente llame a Motion Law hoy al: <strong>(202) 918-1799. <\/strong><\/p>\n","protected":false},"excerpt":{"rendered":"<p>La presi\u00f3n sobre la administraci\u00f3n de Biden para mejorar el sistema de inmigraci\u00f3n Aparte de la crisis sanitaria provocada por la pandemia global de Coronavirus, la econom\u00eda y el sistema de salud, la inmigraci\u00f3n tambi\u00e9n fue un tema relevante durante las elecciones presidenciales de los Estados Unidos, que tuvieron lugar a inicios de noviembre del&hellip;<\/p>\n","protected":false},"author":16,"featured_media":10020,"comment_status":"closed","ping_status":"closed","sticky":false,"template":"","format":"standard","meta":{"_monsterinsights_skip_tracking":false,"_monsterinsights_sitenote_active":false,"_monsterinsights_sitenote_note":"","_monsterinsights_sitenote_category":0,"_jetpack_memberships_contains_paid_content":false,"footnotes":""},"categories":[87,89],"tags":[],"yst_prominent_words":[749,838,1597,2469,3693,4711,7517,4246,7078],"class_list":["post-10019","post","type-post","status-publish","format-standard","has-post-thumbnail","hentry","category-inmigracion","category-noticias-de-inmigracion"],"jetpack_featured_media_url":"https:\/\/www.motionlaw.com\/wp-content\/uploads\/Presidente-Electo-Estima-Seis-Meses-para-Revertir-Politicas-Migratorias-de-Trump-.png","jetpack_shortlink":"https:\/\/wp.me\/p93TlB-2BB","jetpack_sharing_enabled":true,"_links":{"self":[{"href":"https:\/\/www.motionlaw.com\/es\/wp-json\/wp\/v2\/posts\/10019","targetHints":{"allow":["GET"]}}],"collection":[{"href":"https:\/\/www.motionlaw.com\/es\/wp-json\/wp\/v2\/posts"}],"about":[{"href":"https:\/\/www.motionlaw.com\/es\/wp-json\/wp\/v2\/types\/post"}],"author":[{"embeddable":true,"href":"https:\/\/www.motionlaw.com\/es\/wp-json\/wp\/v2\/users\/16"}],"replies":[{"embeddable":true,"href":"https:\/\/www.motionlaw.com\/es\/wp-json\/wp\/v2\/comments?post=10019"}],"version-history":[{"count":2,"href":"https:\/\/www.motionlaw.com\/es\/wp-json\/wp\/v2\/posts\/10019\/revisions"}],"predecessor-version":[{"id":10026,"href":"https:\/\/www.motionlaw.com\/es\/wp-json\/wp\/v2\/posts\/10019\/revisions\/10026"}],"wp:featuredmedia":[{"embeddable":true,"href":"https:\/\/www.motionlaw.com\/es\/wp-json\/wp\/v2\/media\/10020"}],"wp:attachment":[{"href":"https:\/\/www.motionlaw.com\/es\/wp-json\/wp\/v2\/media?parent=10019"}],"wp:term":[{"taxonomy":"category","embeddable":true,"href":"https:\/\/www.motionlaw.com\/es\/wp-json\/wp\/v2\/categories?post=10019"},{"taxonomy":"post_tag","embeddable":true,"href":"https:\/\/www.motionlaw.com\/es\/wp-json\/wp\/v2\/tags?post=10019"},{"taxonomy":"yst_prominent_words","embeddable":true,"href":"https:\/\/www.motionlaw.com\/es\/wp-json\/wp\/v2\/yst_prominent_words?post=10019"}],"curies":[{"name":"wp","href":"https:\/\/api.w.org\/{rel}","templated":true}]}}